{"id":58873,"date":"2026-01-20T13:35:06","date_gmt":"2026-01-20T19:35:06","guid":{"rendered":"https:\/\/labestiapolitica.com.mx\/?p=58873"},"modified":"2026-01-20T13:35:06","modified_gmt":"2026-01-20T19:35:06","slug":"comentarios-de-ana-lilia-rivera-son-peyorativos-enrique-padilla","status":"publish","type":"post","link":"https:\/\/labestiapolitica.com.mx\/?p=58873","title":{"rendered":"Comentarios de Ana Lilia Rivera son peyorativos: Enrique Padilla"},"content":{"rendered":"<p class=\"p2\" style=\"text-align: justify;\"><span class=\"s1\">Ana S\u00e1nchez \/\/ El presidente del comit\u00e9 estatal del PRI, Enrique Padilla, critic\u00f3 las declaraciones recientes de la senadora morenista Ana Lilia Rivera, quien calific\u00f3 como \u00abest\u00fapidos\u00bb a quienes ponen en duda su labor legislativa, afirmando que el uso de t\u00e9rminos peyorativos es \u00abs\u00edntoma de que algo no es correcto\u00bb.<\/span><\/p>\n<p class=\"p2\" style=\"text-align: justify;\"><span class=\"s1\">Las pol\u00e9micas declaraciones surgieron durante una entrevista en la que la senadora tlaxcalteca respondi\u00f3 a las cr\u00edticas que recibe, especialmente en redes sociales. Dirigi\u00e9ndose a sus detractores, Rivera utiliz\u00f3 el t\u00e9rmino \u00abest\u00fapidos\u00bb. Posteriormente, en un intento por matizar sus palabras, la legisladora argument\u00f3 que la palabra \u00abest\u00fapido\u00bb no debe entenderse como un insulto, sino como una calificaci\u00f3n para quien \u00abconociendo la verdad la niega\u00bb, equipar\u00e1ndolo a \u00abnecio\u00bb.<\/span><\/p>\n<p class=\"p2\" style=\"text-align: justify;\"><span class=\"s1\">Consultado al respecto en rueda de prensa, el l\u00edder priista Enrique Padilla expres\u00f3 su desacuerdo. \u00abVi la entrevista pero no me qued\u00f3 claro a qui\u00e9n se lo dec\u00eda\u00bb, coment\u00f3, y a\u00f1adi\u00f3 de manera cr\u00edtica: \u00abYo creo que cualquier palabra que sea dirigida a una persona de manera peyorativa es un s\u00edntoma de que algo no es correcto\u00bb.<\/span><\/p>\n<p class=\"p2\" style=\"text-align: justify;\"><span class=\"s1\">La reacci\u00f3n de Padilla subraya el malestar en la oposici\u00f3n ante el tono utilizado por la senadora, quien es una de las figuras pol\u00edticas m\u00e1s prominentes de Morena en Tlaxcala. <\/span><\/p>\n<p class=\"p2\" style=\"text-align: justify;\"><span class=\"s1\">El episodio ha reavivado el debate sobre el lenguaje utilizado en la discusi\u00f3n p\u00fablica y los l\u00edmites de la confrontaci\u00f3n pol\u00edtica, en un contexto donde las redes sociales se han convertido en un foro frecuente para el ataque y la descalificaci\u00f3n.<\/span><\/p>\n","protected":false},"excerpt":{"rendered":"<p>Ana S\u00e1nchez \/\/ El presidente del comit\u00e9 estatal del PRI, Enrique Padilla, critic\u00f3 las declaraciones recientes de la senadora morenista Ana Lilia Rivera, quien calific\u00f3 como \u00abest\u00fapidos\u00bb a quienes ponen en duda su labor legislativa, afirmando que el uso de t\u00e9rminos peyorativos es \u00abs\u00edntoma de que algo no es correcto\u00bb. Las pol\u00e9micas declaraciones surgieron durante [&hellip;]<\/p>\n","protected":false},"author":3,"featured_media":58875,"comment_status":"open","ping_status":"open","sticky":false,"template":"","format":"standard","meta":{"footnotes":""},"categories":[3,247,250],"tags":[],"class_list":["post-58873","post","type-post","status-publish","format-standard","has-post-thumbnail","hentry","category-8-columnas","category-politica","category-pri"],"amp_enabled":true,"_links":{"self":[{"href":"https:\/\/labestiapolitica.com.mx\/index.php?rest_route=\/wp\/v2\/posts\/58873","targetHints":{"allow":["GET"]}}],"collection":[{"href":"https:\/\/labestiapolitica.com.mx\/index.php?rest_route=\/wp\/v2\/posts"}],"about":[{"href":"https:\/\/labestiapolitica.com.mx\/index.php?rest_route=\/wp\/v2\/types\/post"}],"author":[{"embeddable":true,"href":"https:\/\/labestiapolitica.com.mx\/index.php?rest_route=\/wp\/v2\/users\/3"}],"replies":[{"embeddable":true,"href":"https:\/\/labestiapolitica.com.mx\/index.php?rest_route=%2Fwp%2Fv2%2Fcomments&post=58873"}],"version-history":[{"count":1,"href":"https:\/\/labestiapolitica.com.mx\/index.php?rest_route=\/wp\/v2\/posts\/58873\/revisions"}],"predecessor-version":[{"id":58879,"href":"https:\/\/labestiapolitica.com.mx\/index.php?rest_route=\/wp\/v2\/posts\/58873\/revisions\/58879"}],"wp:featuredmedia":[{"embeddable":true,"href":"https:\/\/labestiapolitica.com.mx\/index.php?rest_route=\/wp\/v2\/media\/58875"}],"wp:attachment":[{"href":"https:\/\/labestiapolitica.com.mx\/index.php?rest_route=%2Fwp%2Fv2%2Fmedia&parent=58873"}],"wp:term":[{"taxonomy":"category","embeddable":true,"href":"https:\/\/labestiapolitica.com.mx\/index.php?rest_route=%2Fwp%2Fv2%2Fcategories&post=58873"},{"taxonomy":"post_tag","embeddable":true,"href":"https:\/\/labestiapolitica.com.mx\/index.php?rest_route=%2Fwp%2Fv2%2Ftags&post=58873"}],"curies":[{"name":"wp","href":"https:\/\/api.w.org\/{rel}","templated":true}]}}