{"id":58902,"date":"2026-01-20T14:25:54","date_gmt":"2026-01-20T20:25:54","guid":{"rendered":"https:\/\/labestiapolitica.com.mx\/?p=58902"},"modified":"2026-01-20T14:26:59","modified_gmt":"2026-01-20T20:26:59","slug":"%f0%9f%92%9c%f0%9f%8f%9b%ef%b8%8f-inaugura-diputada-sandy-aguilar-el-primer-parlamento-estatal-de-mujeres-jovenes-en-tlaxcala","status":"publish","type":"post","link":"https:\/\/labestiapolitica.com.mx\/?p=58902","title":{"rendered":"\ud83d\udc9c\ud83c\udfdb\ufe0f Inaugura diputada Sandy Aguilar el Primer Parlamento Estatal de Mujeres J\u00f3venes en Tlaxcala"},"content":{"rendered":"<p style=\"text-align: justify;\" data-start=\"109\" data-end=\"499\">Con el impulso de la <span class=\"hover:entity-accent entity-underline inline cursor-pointer align-baseline\"><span class=\"whitespace-normal\">Red Mundial de J\u00f3venes Pol\u00edticos Tlaxcala<\/span><\/span> y el respaldo de la diputada local <span class=\"hover:entity-accent entity-underline inline cursor-pointer align-baseline\"><span class=\"whitespace-normal\">Sandra Aguilar Vega<\/span><\/span>, dieron inicio las actividades del Primer Parlamento Estatal de Mujeres J\u00f3venes, un espacio de formaci\u00f3n y participaci\u00f3n que busca fortalecer el liderazgo de las juventudes y abrirles camino en los espacios de toma de decisiones p\u00fablicas.<\/p>\n<p style=\"text-align: justify;\" data-start=\"501\" data-end=\"810\">Durante su mensaje de bienvenida, Aguilar Vega destac\u00f3 la importancia de que las j\u00f3venes aprovechen este encuentro para aprender, reflexionar e inspirarse, y las exhort\u00f3 a regresar a sus comunidades con nuevas ideas y la convicci\u00f3n de que s\u00ed es posible incidir y generar cambios reales en la sociedad.<\/p>\n<p style=\"text-align: justify;\" data-start=\"812\" data-end=\"1175\">\u201cLlegar a estos espacios exige car\u00e1cter, disciplina, convicci\u00f3n y mucho trabajo. Yo tambi\u00e9n fui joven y enfrent\u00e9 obst\u00e1culos, dudas y momentos dif\u00edciles. No todas mis experiencias fueron positivas, pero cada una me dej\u00f3 aprendizajes que hoy me permiten estar aqu\u00ed. No permitan que nadie les diga que no pueden ni que su voz vale menos\u201d, expres\u00f3 la legisladora.<\/p>\n<p style=\"text-align: justify;\" data-start=\"1177\" data-end=\"1471\">En el primer d\u00eda de actividades, las participantes asistieron a la conferencia \u201cDel territorio al Congreso: el camino de una mujer en la pol\u00edtica\u201d, impartida por la diputada Sandra Aguilar, adem\u00e1s de realizar un recorrido por las instalaciones del <span class=\"hover:entity-accent entity-underline inline cursor-pointer align-baseline\"><span class=\"whitespace-normal\">Congreso del Estado de Tlaxcala<\/span><\/span>.<\/p>\n<p style=\"text-align: justify;\" data-start=\"1473\" data-end=\"1805\">Asimismo, se desarrollaron las ponencias \u201cViolencia, identificarla para prevenirla\u201d, a cargo de la psic\u00f3loga Teresa Su\u00e1rez, y \u201cLiderazgo femenino y educaci\u00f3n ambiental\u201d, impartida por la Mtra. Hilda Castro, con el objetivo de brindar herramientas para el desarrollo personal, social y pol\u00edtico de las asistentes.<\/p>\n<p style=\"text-align: justify;\" data-start=\"1807\" data-end=\"2086\">El Primer Parlamento Estatal de Mujeres J\u00f3venes se llevar\u00e1 a cabo el jueves 22 de enero, a partir de las 9:00 horas, en el <span class=\"hover:entity-accent entity-underline inline cursor-pointer align-baseline\"><span class=\"whitespace-normal\">Teatro Xicoht\u00e9ncatl<\/span><\/span>, consolid\u00e1ndose como un espacio clave para la participaci\u00f3n activa de las mujeres j\u00f3venes en Tlaxcala.<\/p>\n<p data-start=\"1807\" data-end=\"2086\"><img loading=\"lazy\" decoding=\"async\" class=\"alignnone size-full wp-image-58904\" src=\"https:\/\/labestiapolitica.com.mx\/wp-content\/uploads\/2026\/01\/WhatsApp-Image-2026-01-20-at-1.54.40-PM.jpeg\" alt=\"\" width=\"1600\" height=\"1070\" srcset=\"https:\/\/labestiapolitica.com.mx\/wp-content\/uploads\/2026\/01\/WhatsApp-Image-2026-01-20-at-1.54.40-PM.jpeg 1600w, https:\/\/labestiapolitica.com.mx\/wp-content\/uploads\/2026\/01\/WhatsApp-Image-2026-01-20-at-1.54.40-PM-300x201.jpeg 300w, https:\/\/labestiapolitica.com.mx\/wp-content\/uploads\/2026\/01\/WhatsApp-Image-2026-01-20-at-1.54.40-PM-1024x685.jpeg 1024w, https:\/\/labestiapolitica.com.mx\/wp-content\/uploads\/2026\/01\/WhatsApp-Image-2026-01-20-at-1.54.40-PM-768x514.jpeg 768w, https:\/\/labestiapolitica.com.mx\/wp-content\/uploads\/2026\/01\/WhatsApp-Image-2026-01-20-at-1.54.40-PM-1536x1027.jpeg 1536w\" sizes=\"auto, (max-width: 1600px) 100vw, 1600px\" \/><\/p>\n","protected":false},"excerpt":{"rendered":"<p>Con el impulso de la Red Mundial de J\u00f3venes Pol\u00edticos Tlaxcala y el respaldo de la diputada local Sandra Aguilar Vega, dieron inicio las actividades del Primer Parlamento Estatal de Mujeres J\u00f3venes, un espacio de formaci\u00f3n y participaci\u00f3n que busca fortalecer el liderazgo de las juventudes y abrirles camino en los espacios de toma de [&hellip;]<\/p>\n","protected":false},"author":3,"featured_media":58903,"comment_status":"open","ping_status":"open","sticky":false,"template":"","format":"standard","meta":{"footnotes":""},"categories":[7,224,213],"tags":[],"class_list":["post-58902","post","type-post","status-publish","format-standard","has-post-thumbnail","hentry","category-ciudadanos","category-congreso-del-estado-de-tlaxcala","category-educacion"],"amp_enabled":true,"_links":{"self":[{"href":"https:\/\/labestiapolitica.com.mx\/index.php?rest_route=\/wp\/v2\/posts\/58902","targetHints":{"allow":["GET"]}}],"collection":[{"href":"https:\/\/labestiapolitica.com.mx\/index.php?rest_route=\/wp\/v2\/posts"}],"about":[{"href":"https:\/\/labestiapolitica.com.mx\/index.php?rest_route=\/wp\/v2\/types\/post"}],"author":[{"embeddable":true,"href":"https:\/\/labestiapolitica.com.mx\/index.php?rest_route=\/wp\/v2\/users\/3"}],"replies":[{"embeddable":true,"href":"https:\/\/labestiapolitica.com.mx\/index.php?rest_route=%2Fwp%2Fv2%2Fcomments&post=58902"}],"version-history":[{"count":1,"href":"https:\/\/labestiapolitica.com.mx\/index.php?rest_route=\/wp\/v2\/posts\/58902\/revisions"}],"predecessor-version":[{"id":58905,"href":"https:\/\/labestiapolitica.com.mx\/index.php?rest_route=\/wp\/v2\/posts\/58902\/revisions\/58905"}],"wp:featuredmedia":[{"embeddable":true,"href":"https:\/\/labestiapolitica.com.mx\/index.php?rest_route=\/wp\/v2\/media\/58903"}],"wp:attachment":[{"href":"https:\/\/labestiapolitica.com.mx\/index.php?rest_route=%2Fwp%2Fv2%2Fmedia&parent=58902"}],"wp:term":[{"taxonomy":"category","embeddable":true,"href":"https:\/\/labestiapolitica.com.mx\/index.php?rest_route=%2Fwp%2Fv2%2Fcategories&post=58902"},{"taxonomy":"post_tag","embeddable":true,"href":"https:\/\/labestiapolitica.com.mx\/index.php?rest_route=%2Fwp%2Fv2%2Ftags&post=58902"}],"curies":[{"name":"wp","href":"https:\/\/api.w.org\/{rel}","templated":true}]}}