{"id":58915,"date":"2026-01-20T15:37:14","date_gmt":"2026-01-20T21:37:14","guid":{"rendered":"https:\/\/labestiapolitica.com.mx\/?p=58915"},"modified":"2026-01-20T15:38:46","modified_gmt":"2026-01-20T21:38:46","slug":"en-vilo-conclusiones-de-proceso-por-muerte-de-normalista-en-2022-ordonez-brasdefer","status":"publish","type":"post","link":"https:\/\/labestiapolitica.com.mx\/?p=58915","title":{"rendered":"En espera de dict\u00e1menes periciales por fallecimiento de normalista: CEDH"},"content":{"rendered":"<ul>\n<li style=\"text-align: justify;\">La CEDH observa investigaci\u00f3n por muerte de otra alumna en la Norma Rural; espera dict\u00e1menes periciales<\/li>\n<\/ul>\n<p style=\"text-align: justify;\">Ana S\u00e1nchez \/\/ Al ser cuestionada sobre si la Comisi\u00f3n Estatal de Derechos Humanos (CEDH) considerar\u00eda hacer alguna observaci\u00f3n general a la Normal Rural Benito Ju\u00e1rez, dado que es la segunda vez que fallece una estudiante de la instituci\u00f3n, la titular Jakqueline Ord\u00f3\u00f1ez Brasdefer revel\u00f3 que el organismo est\u00e1 por concluir la investigaci\u00f3n del caso anterior ocurrido en octubre de 2022.<\/p>\n<p style=\"text-align: justify;\">\u00abEn ese tema estamos por emitir la conclusi\u00f3n final en estos d\u00edas, estamos en la revisi\u00f3n\u00bb, explic\u00f3, asimismo, detall\u00f3 que durante esa investigaci\u00f3n se implementaron medidas cautelares y se trabaj\u00f3 con la autoridad educativa en materia de prevenci\u00f3n y sensibilizaci\u00f3n del profesorado y personal administrativo para prevenir omisiones.<\/p>\n<p style=\"text-align: justify;\">\u00abLa autoridad inform\u00f3 estar trabajando al respecto&#8230; Nuestra comisi\u00f3n particip\u00f3 con cursos, con talleres\u00bb, mencion\u00f3, a\u00f1adiendo que se dio seguimiento para verificar la implementaci\u00f3n de estas acciones.<\/p>\n<p style=\"text-align: justify;\">En el caso de la reciente muerte de una alumna al interior de este centro escolar Ord\u00f3\u00f1ez Brasdefer explic\u00f3 que la CEDH de Tlaxcala intervino como observadora en la investigaci\u00f3n iniciada recientemente, y se reserv\u00f3 cualquier opini\u00f3n jurisdiccional hasta que se emitan los dict\u00e1menes periciales correspondientes.<\/p>\n<p style=\"text-align: justify;\">En declaraciones a medios, la ombudsperson detall\u00f3 que, desde que se tuvo noticia del hecho, un visitador de la CEDH acudi\u00f3 para observar la pr\u00e1ctica de todas las diligencias ministeriales.<\/p>\n<p style=\"text-align: justify;\">\u00abSe estuvo presente desde el levantamiento hasta la estaci\u00f3n del lugar y la realizaci\u00f3n de la necropsia, tambi\u00e9n cuando se contact\u00f3 a los familiares de la persona v\u00edctima y se dio la atenci\u00f3n y seguimiento\u00bb, explic\u00f3 Ord\u00f3\u00f1ez Brasdefer.<\/p>\n<p style=\"text-align: justify;\">La titular de la CEDH afirm\u00f3 que, durante la observaci\u00f3n, se constat\u00f3 que se practicaron los protocolos establecidos para este tipo de casos, se dio atenci\u00f3n a las v\u00edctimas indirectas (familiares) y se aplicaron las pruebas de lugar correspondientes.<\/p>\n<p style=\"text-align: justify;\">\u00abLo que se observ\u00f3 es que se practican los protocolos&#8230; que se dio la atenci\u00f3n a las v\u00edctimas indirectas, que se aplicaron todas las pruebas de lugar&#8230; que hay una investigaci\u00f3n adecuada como ese caso lo requiere\u00bb, se\u00f1al\u00f3.<\/p>\n<p style=\"text-align: justify;\">No obstante, subray\u00f3 que el organismo es respetuoso de las competencias de las autoridades investigadoras y se mantiene a la espera, \u00abla investigaci\u00f3n est\u00e1 vigente tanto lo ministerial como la de nosotros\u00bb, a\u00f1adi\u00f3.<\/p>\n<p style=\"text-align: justify;\">Ord\u00f3\u00f1ez Brasdefer precis\u00f3 que el objetivo de la observaci\u00f3n es \u00abdescartar cualquier otra circunstancia, omisiones o circunstancias\u00bb, pero que no pueden adelantarse a los resultados oficiales, \u00abno nos podemos adelantar hasta esperar los dict\u00e1menes por parte de quienes corresponden, que son expertos en investigaci\u00f3n de ese tipo de hechos\u00bb, afirm\u00f3.<\/p>\n<p style=\"text-align: justify;\">Respecto al apoyo a la familia, la presidenta de la CEDH indic\u00f3 que no se ha interpuesto ninguna queja ante el organismo. \u00abLa familia no ha interpuesto ninguna queja respecto a la atenci\u00f3n recibida y\/o orientaci\u00f3n que le da el Ministerio P\u00fablico, nosotros acudimos a observar el trabajo del Ministerio P\u00fablico, que fue adecuado para con las v\u00edctimas indirectas\u00bb, declar\u00f3.<\/p>\n<p style=\"text-align: justify;\">Finalmente, al opinar sobre los casos de suicidio en menores de edad, la titular de la CEDH afirm\u00f3 que es un tema que ocupa a todas las autoridades.<\/p>\n<p style=\"text-align: justify;\">Mencion\u00f3 que trabajan de manera coordinada con la Secretar\u00eda de Salud (SESA) en el Consejo Estatal correspondiente, aportando capacitaciones y talleres en materia de prevenci\u00f3n.<\/p>\n<p style=\"text-align: justify;\">\u00abTenemos un programa de atenci\u00f3n en materia de psicolog\u00eda que ya tiene a\u00f1os, pero lo estamos reforzando en materia de prevenci\u00f3n de suicidio o violencias\u00bb, concluy\u00f3 la presidenta de la Comisi\u00f3n Estatal de Derechos Humanos.<\/p>\n","protected":false},"excerpt":{"rendered":"<p>La CEDH observa investigaci\u00f3n por muerte de otra alumna en la Norma Rural; espera dict\u00e1menes periciales Ana S\u00e1nchez \/\/ Al ser cuestionada sobre si la Comisi\u00f3n Estatal de Derechos Humanos (CEDH) considerar\u00eda hacer alguna observaci\u00f3n general a la Normal Rural Benito Ju\u00e1rez, dado que es la segunda vez que fallece una estudiante de la instituci\u00f3n, [&hellip;]<\/p>\n","protected":false},"author":3,"featured_media":58916,"comment_status":"open","ping_status":"open","sticky":false,"template":"","format":"standard","meta":{"footnotes":""},"categories":[3,232],"tags":[],"class_list":["post-58915","post","type-post","status-publish","format-standard","has-post-thumbnail","hentry","category-8-columnas","category-derechos-humanos-tlaxcala"],"amp_enabled":true,"_links":{"self":[{"href":"https:\/\/labestiapolitica.com.mx\/index.php?rest_route=\/wp\/v2\/posts\/58915","targetHints":{"allow":["GET"]}}],"collection":[{"href":"https:\/\/labestiapolitica.com.mx\/index.php?rest_route=\/wp\/v2\/posts"}],"about":[{"href":"https:\/\/labestiapolitica.com.mx\/index.php?rest_route=\/wp\/v2\/types\/post"}],"author":[{"embeddable":true,"href":"https:\/\/labestiapolitica.com.mx\/index.php?rest_route=\/wp\/v2\/users\/3"}],"replies":[{"embeddable":true,"href":"https:\/\/labestiapolitica.com.mx\/index.php?rest_route=%2Fwp%2Fv2%2Fcomments&post=58915"}],"version-history":[{"count":2,"href":"https:\/\/labestiapolitica.com.mx\/index.php?rest_route=\/wp\/v2\/posts\/58915\/revisions"}],"predecessor-version":[{"id":58918,"href":"https:\/\/labestiapolitica.com.mx\/index.php?rest_route=\/wp\/v2\/posts\/58915\/revisions\/58918"}],"wp:featuredmedia":[{"embeddable":true,"href":"https:\/\/labestiapolitica.com.mx\/index.php?rest_route=\/wp\/v2\/media\/58916"}],"wp:attachment":[{"href":"https:\/\/labestiapolitica.com.mx\/index.php?rest_route=%2Fwp%2Fv2%2Fmedia&parent=58915"}],"wp:term":[{"taxonomy":"category","embeddable":true,"href":"https:\/\/labestiapolitica.com.mx\/index.php?rest_route=%2Fwp%2Fv2%2Fcategories&post=58915"},{"taxonomy":"post_tag","embeddable":true,"href":"https:\/\/labestiapolitica.com.mx\/index.php?rest_route=%2Fwp%2Fv2%2Ftags&post=58915"}],"curies":[{"name":"wp","href":"https:\/\/api.w.org\/{rel}","templated":true}]}}