{"id":58920,"date":"2026-01-20T19:05:16","date_gmt":"2026-01-21T01:05:16","guid":{"rendered":"https:\/\/labestiapolitica.com.mx\/?p=58920"},"modified":"2026-01-20T19:05:16","modified_gmt":"2026-01-21T01:05:16","slug":"la-fce-uatx-gradua-a-nuevos-profesionales-comprometidos-con-la-transformacion-educativa","status":"publish","type":"post","link":"https:\/\/labestiapolitica.com.mx\/?p=58920","title":{"rendered":"La FCE-UATx grad\u00faa a nuevos profesionales comprometidos con la transformaci\u00f3n educativa."},"content":{"rendered":"<ul>\n<li style=\"font-weight: 400; text-align: justify;\">Asumen el compromiso de contribuir al desarrollo social desde el conocimiento, la \u00e9tica y la sensibilidad humana<\/li>\n<\/ul>\n<p style=\"font-weight: 400; text-align: justify;\">En solemne ceremonia celebrada en el Teatro Universitario, 59 egresados de la Licenciatura en Ciencias de la Educaci\u00f3n, generaci\u00f3n 2022-2025, y 13 de la Maestr\u00eda en Educaci\u00f3n Inicial y Gesti\u00f3n de Instituciones, generaci\u00f3n 2023-2025, de la Facultad de Ciencias de la Educaci\u00f3n de la Universidad Aut\u00f3noma de Tlaxcala (FCE-UATx) recibieron la constancia que avala la conclusi\u00f3n de su formaci\u00f3n.<\/p>\n<p style=\"font-weight: 400; text-align: justify;\">Ante familiares, invitados y comunidad docente, el Maestro Irving Eduardo Ortiz Gallardo, Coordinador de la Divisi\u00f3n de Ciencias Sociales y Humanidades, asegur\u00f3 que ser profesionales de la educaci\u00f3n implica asumir el compromiso de formar personas, transformar realidades y contribuir al desarrollo social desde el conocimiento, la \u00e9tica y la sensibilidad humana.<\/p>\n<p style=\"font-weight: 400; text-align: justify;\">Reflexion\u00f3 que la preparaci\u00f3n profesional adquirida convierte a los egresados en agentes clave para la innovaci\u00f3n educativa, la inclusi\u00f3n y la construcci\u00f3n de una sociedad m\u00e1s justa y equitativa.<\/p>\n<p style=\"font-weight: 400; text-align: justify;\">A su vez, el Maestro Ren\u00e9 Xochipa P\u00e9rez, Director de la FCE, recalc\u00f3 que formarse en el \u00e1mbito educativo implica asumir una responsabilidad social trascendente, porque es uno de los principales motores para la transformaci\u00f3n y la construcci\u00f3n de justicia social.<\/p>\n<p style=\"font-weight: 400; text-align: justify;\">En representaci\u00f3n de sus compa\u00f1eros, Karen Zoe Le\u00f3n expres\u00f3 que la formaci\u00f3n profesional que han adquirido les ha permitido desarrollar capacidades para comprender la complejidad del fen\u00f3meno educativo, intervenir con sentido cr\u00edtico y actuar con responsabilidad \u00e9tica y humana frente a los desaf\u00edos.<\/p>\n<p style=\"font-weight: 400; text-align: justify;\">De igual forma, agradeci\u00f3 a sus padres, familiares, autoridades universitarias y docentes por el respaldo recibido a lo largo de su trayectoria universitaria, y exhort\u00f3 a sus compa\u00f1eros a ejercer su profesi\u00f3n con responsabilidad, honorabilidad y vocaci\u00f3n de servicio, manteniendo siempre el esp\u00edritu de aprendizaje permanente y la b\u00fasqueda de la excelencia.<\/p>\n<p style=\"font-weight: 400; text-align: justify;\">Durante el desarrollo de la ceremonia, Karen Zoe Le\u00f3n, Jos\u00e9 Luis Hern\u00e1ndez y Yoselline Roc\u00edo Santacruz recibieron sendos reconocimientos al mejor promedio de su generaci\u00f3n en la Licenciatura en Ciencias de la Educaci\u00f3n; y Patricia Berenice Minjagos, Arely Teomitzi, Irma Ang\u00e9lica Jaimes y Susana Alexandra Vargas, de la Maestr\u00eda en Educaci\u00f3n Inicial y Gesti\u00f3n de Instituciones.<\/p>\n","protected":false},"excerpt":{"rendered":"<p>Asumen el compromiso de contribuir al desarrollo social desde el conocimiento, la \u00e9tica y la sensibilidad humana En solemne ceremonia celebrada en el Teatro Universitario, 59 egresados de la Licenciatura en Ciencias de la Educaci\u00f3n, generaci\u00f3n 2022-2025, y 13 de la Maestr\u00eda en Educaci\u00f3n Inicial y Gesti\u00f3n de Instituciones, generaci\u00f3n 2023-2025, de la Facultad de [&hellip;]<\/p>\n","protected":false},"author":5,"featured_media":58932,"comment_status":"open","ping_status":"open","sticky":false,"template":"","format":"standard","meta":{"footnotes":""},"categories":[213,241],"tags":[],"class_list":["post-58920","post","type-post","status-publish","format-standard","has-post-thumbnail","hentry","category-educacion","category-uatx"],"amp_enabled":true,"_links":{"self":[{"href":"https:\/\/labestiapolitica.com.mx\/index.php?rest_route=\/wp\/v2\/posts\/58920","targetHints":{"allow":["GET"]}}],"collection":[{"href":"https:\/\/labestiapolitica.com.mx\/index.php?rest_route=\/wp\/v2\/posts"}],"about":[{"href":"https:\/\/labestiapolitica.com.mx\/index.php?rest_route=\/wp\/v2\/types\/post"}],"author":[{"embeddable":true,"href":"https:\/\/labestiapolitica.com.mx\/index.php?rest_route=\/wp\/v2\/users\/5"}],"replies":[{"embeddable":true,"href":"https:\/\/labestiapolitica.com.mx\/index.php?rest_route=%2Fwp%2Fv2%2Fcomments&post=58920"}],"version-history":[{"count":1,"href":"https:\/\/labestiapolitica.com.mx\/index.php?rest_route=\/wp\/v2\/posts\/58920\/revisions"}],"predecessor-version":[{"id":58933,"href":"https:\/\/labestiapolitica.com.mx\/index.php?rest_route=\/wp\/v2\/posts\/58920\/revisions\/58933"}],"wp:featuredmedia":[{"embeddable":true,"href":"https:\/\/labestiapolitica.com.mx\/index.php?rest_route=\/wp\/v2\/media\/58932"}],"wp:attachment":[{"href":"https:\/\/labestiapolitica.com.mx\/index.php?rest_route=%2Fwp%2Fv2%2Fmedia&parent=58920"}],"wp:term":[{"taxonomy":"category","embeddable":true,"href":"https:\/\/labestiapolitica.com.mx\/index.php?rest_route=%2Fwp%2Fv2%2Fcategories&post=58920"},{"taxonomy":"post_tag","embeddable":true,"href":"https:\/\/labestiapolitica.com.mx\/index.php?rest_route=%2Fwp%2Fv2%2Ftags&post=58920"}],"curies":[{"name":"wp","href":"https:\/\/api.w.org\/{rel}","templated":true}]}}