{"id":58922,"date":"2026-01-20T18:38:33","date_gmt":"2026-01-21T00:38:33","guid":{"rendered":"https:\/\/labestiapolitica.com.mx\/?p=58922"},"modified":"2026-01-20T18:38:33","modified_gmt":"2026-01-21T00:38:33","slug":"es-urgente-que-las-mujeres-participen-en-la-toma-de-decisiones-para-garantizar-su-derecho-al-agua-raquel-caballero-procuradora-de-ddhh-de-el-salvador","status":"publish","type":"post","link":"https:\/\/labestiapolitica.com.mx\/?p=58922","title":{"rendered":"Es urgente que las mujeres participen en la toma de decisiones para garantizar su derecho al agua: Raquel Caballero, procuradora de DDHH de El Salvador"},"content":{"rendered":"<p><em>La Ombudsperson salvadore\u00f1a imparti\u00f3 una conferencia magistral en el Centro de Di\u00e1logo y Promoci\u00f3n de la Cultura de la Paz de la CEDHT<\/em><\/p>\n<p>La participaci\u00f3n de las mujeres en todo lo relacionado con la toma de decisiones sobre el uso del agua es una acci\u00f3n urgente que deben asumir los gobiernos, se\u00f1al\u00f3 Raquel Caballero de Guevara, titular del la Instituci\u00f3n Nacional Defensora de Derechos Humanos de la Rep\u00fablica de El Salvador, quien imparti\u00f3 la conferencia magistral \u201cMujeres y el derecho al agua\u201d, en el Centro de Di\u00e1logo y Promoci\u00f3n de la Cultura de la Paz de la Comisi\u00f3n Estatal de Derechos Humanos de Tlaxcala (CEDHT).<\/p>\n<p>En su disertaci\u00f3n, la Ombudsperson salvadore\u00f1a refiri\u00f3 \u201cque el derecho al agua es un derecho humano fundamental\u201d, abord\u00f3 los diferentes momentos en la historia del reconocimiento de los derechos humanos respecto a la relaci\u00f3n entre la mujer, el medio ambiente y el agua, y destac\u00f3, entre otras cosas que para la Organizaci\u00f3n de las Naciones Unidas para la Alimentaci\u00f3n y la Agricultura (FAO, por sus siglas en ingl\u00e9s) las mujeres son la clave del \u00e9xito de toda pol\u00edtica y programa para el desarrollo de recursos como el agua y el riego.<\/p>\n<p>Sin embargo, se\u00f1al\u00f3 que, a pesar de la progresi\u00f3n en materia de reconocimiento y garant\u00eda de los derechos humanos de las mujeres, a\u00fan hay muchos pendientes, pues el ejercicio de este derecho se ve obstaculizado por las desigualdades sociales existentes derivadas de la clase social, el sexo y la etnia, entre otras circunstancias.<\/p>\n<p>En su intervenci\u00f3n, la presidenta de la CEDHT, Jakqueline Ordo\u00f1ez Brasdefer, mencion\u00f3 que \u201cel derecho al agua no s\u00f3lo se trata de infraestructura o servicios, sino de justicia social, igualdad sustantiva y de derechos humanos en su expresi\u00f3n m\u00e1s b\u00e1sica y m\u00e1s humana\u201d.<\/p>\n<p>A\u00f1adi\u00f3 que reflexionar sobre el derecho humano al agua es hablar de vida, de cuidado, de esfuerzo cotidiano y, muchas veces, de cargas invisibles que hist\u00f3ricamente han reca\u00eddo sobre las mujeres, pues \u201cpara muchas mujeres y ni\u00f1as el acceso al agua no es un derecho garantizado, sino una lucha diaria que condiciona su salud su educaci\u00f3n, su seguridad y su dignidad.<\/p>\n<p>Y mencion\u00f3 que garantizar el derecho al agua de las mujeres es tambi\u00e9n una forma de prevenir violencias, de construir igualdad y una forma de sembrar paz.<\/p>\n","protected":false},"excerpt":{"rendered":"<p>La Ombudsperson salvadore\u00f1a imparti\u00f3 una conferencia magistral en el Centro de Di\u00e1logo y Promoci\u00f3n de la Cultura de la Paz de la CEDHT La participaci\u00f3n de las mujeres en todo lo relacionado con la toma de decisiones sobre el uso del agua es una acci\u00f3n urgente que deben asumir los gobiernos, se\u00f1al\u00f3 Raquel Caballero de [&hellip;]<\/p>\n","protected":false},"author":5,"featured_media":58923,"comment_status":"open","ping_status":"open","sticky":false,"template":"","format":"standard","meta":{"footnotes":""},"categories":[232],"tags":[],"class_list":["post-58922","post","type-post","status-publish","format-standard","has-post-thumbnail","hentry","category-derechos-humanos-tlaxcala"],"amp_enabled":true,"_links":{"self":[{"href":"https:\/\/labestiapolitica.com.mx\/index.php?rest_route=\/wp\/v2\/posts\/58922","targetHints":{"allow":["GET"]}}],"collection":[{"href":"https:\/\/labestiapolitica.com.mx\/index.php?rest_route=\/wp\/v2\/posts"}],"about":[{"href":"https:\/\/labestiapolitica.com.mx\/index.php?rest_route=\/wp\/v2\/types\/post"}],"author":[{"embeddable":true,"href":"https:\/\/labestiapolitica.com.mx\/index.php?rest_route=\/wp\/v2\/users\/5"}],"replies":[{"embeddable":true,"href":"https:\/\/labestiapolitica.com.mx\/index.php?rest_route=%2Fwp%2Fv2%2Fcomments&post=58922"}],"version-history":[{"count":1,"href":"https:\/\/labestiapolitica.com.mx\/index.php?rest_route=\/wp\/v2\/posts\/58922\/revisions"}],"predecessor-version":[{"id":58924,"href":"https:\/\/labestiapolitica.com.mx\/index.php?rest_route=\/wp\/v2\/posts\/58922\/revisions\/58924"}],"wp:featuredmedia":[{"embeddable":true,"href":"https:\/\/labestiapolitica.com.mx\/index.php?rest_route=\/wp\/v2\/media\/58923"}],"wp:attachment":[{"href":"https:\/\/labestiapolitica.com.mx\/index.php?rest_route=%2Fwp%2Fv2%2Fmedia&parent=58922"}],"wp:term":[{"taxonomy":"category","embeddable":true,"href":"https:\/\/labestiapolitica.com.mx\/index.php?rest_route=%2Fwp%2Fv2%2Fcategories&post=58922"},{"taxonomy":"post_tag","embeddable":true,"href":"https:\/\/labestiapolitica.com.mx\/index.php?rest_route=%2Fwp%2Fv2%2Ftags&post=58922"}],"curies":[{"name":"wp","href":"https:\/\/api.w.org\/{rel}","templated":true}]}}