{"id":58925,"date":"2026-01-20T18:46:48","date_gmt":"2026-01-21T00:46:48","guid":{"rendered":"https:\/\/labestiapolitica.com.mx\/?p=58925"},"modified":"2026-01-20T18:46:48","modified_gmt":"2026-01-21T00:46:48","slug":"recuperan-camioneta-robada-y-aseguran-a-presunto-responsable-en-zacatelco","status":"publish","type":"post","link":"https:\/\/labestiapolitica.com.mx\/?p=58925","title":{"rendered":"Recuperan camioneta robada y aseguran a presunto responsable en Zacatelco"},"content":{"rendered":"<p>Gracias a la pronta reacci\u00f3n del C5i Tlaxcala y a un operativo coordinado con la Polic\u00eda Municipal de Zacatelco, fue recuperada en cuesti\u00f3n de minutos una camioneta Chevrolet Silverado que hab\u00eda sido robada en la capital del estado, adem\u00e1s de lograrse el aseguramiento de un masculino identificado como Aldo N., de 31 a\u00f1os de edad.<\/p>\n<p>De acuerdo con el reporte oficial, el robo fue notificado a trav\u00e9s del n\u00famero de emergencias 9-1-1, luego de que el propietario informar\u00e1 que dej\u00f3 su unidad en el estacionamiento de un negocio de comida r\u00e1pida al regresar, ya no la encontr\u00f3. Tras el aviso, se activ\u00f3 de inmediato un operativo de videovigilancia, el cual permiti\u00f3 ubicar la camioneta circulando sobre la carretera federal Tlaxcala\u2013Puebla.<\/p>\n<p>Luego del cruce de informaci\u00f3n entre corporaciones, elementos de la Polic\u00eda Municipal de Zacatelco interceptaron la unidad en el centro del municipio. El presunto responsable intent\u00f3 huir, por lo que se inici\u00f3 una persecuci\u00f3n a pie tierra, que culmin\u00f3 con su aseguramiento.<\/p>\n<p>Tanto el masculino como el veh\u00edculo recuperado fueron puestos a disposici\u00f3n de la autoridad correspondiente, la cual ser\u00e1 la encargada de determinar su situaci\u00f3n legal conforme a derecho.<\/p>\n<p>El Gobierno Municipal de Zacatelco, a trav\u00e9s de la Direcci\u00f3n de Seguridad P\u00fablica y Vialidad Municipal, destac\u00f3 que este resultado fue posible gracias a la coordinaci\u00f3n con la Polic\u00eda Estatal y a los trabajos permanentes de vigilancia. Asimismo, refrend\u00f3 su compromiso de fortalecer la seguridad y mantener acciones firmes en favor de un Zacatelco fuerte y seguro<\/p>\n","protected":false},"excerpt":{"rendered":"<p>Gracias a la pronta reacci\u00f3n del C5i Tlaxcala y a un operativo coordinado con la Polic\u00eda Municipal de Zacatelco, fue recuperada en cuesti\u00f3n de minutos una camioneta Chevrolet Silverado que hab\u00eda sido robada en la capital del estado, adem\u00e1s de lograrse el aseguramiento de un masculino identificado como Aldo N., de 31 a\u00f1os de edad. [&hellip;]<\/p>\n","protected":false},"author":5,"featured_media":58926,"comment_status":"open","ping_status":"open","sticky":false,"template":"","format":"standard","meta":{"footnotes":""},"categories":[216,217],"tags":[],"class_list":["post-58925","post","type-post","status-publish","format-standard","has-post-thumbnail","hentry","category-municipios","category-zacatelco"],"amp_enabled":true,"_links":{"self":[{"href":"https:\/\/labestiapolitica.com.mx\/index.php?rest_route=\/wp\/v2\/posts\/58925","targetHints":{"allow":["GET"]}}],"collection":[{"href":"https:\/\/labestiapolitica.com.mx\/index.php?rest_route=\/wp\/v2\/posts"}],"about":[{"href":"https:\/\/labestiapolitica.com.mx\/index.php?rest_route=\/wp\/v2\/types\/post"}],"author":[{"embeddable":true,"href":"https:\/\/labestiapolitica.com.mx\/index.php?rest_route=\/wp\/v2\/users\/5"}],"replies":[{"embeddable":true,"href":"https:\/\/labestiapolitica.com.mx\/index.php?rest_route=%2Fwp%2Fv2%2Fcomments&post=58925"}],"version-history":[{"count":1,"href":"https:\/\/labestiapolitica.com.mx\/index.php?rest_route=\/wp\/v2\/posts\/58925\/revisions"}],"predecessor-version":[{"id":58927,"href":"https:\/\/labestiapolitica.com.mx\/index.php?rest_route=\/wp\/v2\/posts\/58925\/revisions\/58927"}],"wp:featuredmedia":[{"embeddable":true,"href":"https:\/\/labestiapolitica.com.mx\/index.php?rest_route=\/wp\/v2\/media\/58926"}],"wp:attachment":[{"href":"https:\/\/labestiapolitica.com.mx\/index.php?rest_route=%2Fwp%2Fv2%2Fmedia&parent=58925"}],"wp:term":[{"taxonomy":"category","embeddable":true,"href":"https:\/\/labestiapolitica.com.mx\/index.php?rest_route=%2Fwp%2Fv2%2Fcategories&post=58925"},{"taxonomy":"post_tag","embeddable":true,"href":"https:\/\/labestiapolitica.com.mx\/index.php?rest_route=%2Fwp%2Fv2%2Ftags&post=58925"}],"curies":[{"name":"wp","href":"https:\/\/api.w.org\/{rel}","templated":true}]}}