{"id":58928,"date":"2026-01-20T19:02:19","date_gmt":"2026-01-21T01:02:19","guid":{"rendered":"https:\/\/labestiapolitica.com.mx\/?p=58928"},"modified":"2026-01-20T19:02:19","modified_gmt":"2026-01-21T01:02:19","slug":"con-los-martes-ciudadanos-javier-rivera-gobierna-de-frente-por-el-bienestar-del-pueblo-de-apizaco","status":"publish","type":"post","link":"https:\/\/labestiapolitica.com.mx\/?p=58928","title":{"rendered":"CON LOS MARTES CIUDADANOS, JAVIER RIVERA GOBIERNA DE FRENTE POR EL BIENESTAR DEL PUEBLO DE APIZACO"},"content":{"rendered":"<p>Las y los ciudadanos reconocen en los Martes Ciudadanos un espacio de apertura y di\u00e1logo directo con sus autoridades.<\/p>\n<p>Bajo los principios de un gobierno cercano y humanista, el presidente municipal de Apizaco, Javier Rivera Bonilla, contin\u00faa fortaleciendo en 2026 el ejercicio de los Martes Ciudadanos, una estrategia de atenci\u00f3n directa que reafirma la convicci\u00f3n de gobernar con el pueblo y para el pueblo.<\/p>\n<p>Cada martes, el alcalde encabeza personalmente estas jornadas de atenci\u00f3n, escuchando de frente a las y los apizaquenses para conocer sus necesidades, inquietudes y solicitudes, y brindar respuestas inmediatas o canalizaciones oportunas, con el objetivo de que ning\u00fan planteamiento ciudadano quede sin atenci\u00f3n.<\/p>\n<p>Este ejercicio de gobierno abierto y cercano refleja una administraci\u00f3n que deja el escritorio y sale al encuentro de la gente, convencida de que el contacto directo es la base para construir soluciones reales y fortalecer la confianza ciudadana.<\/p>\n<p>Durante las jornadas de Martes Ciudadanos 2026, todas las \u00e1reas del Ayuntamiento participan de manera coordinada, lo que permite dar seguimiento puntual a tr\u00e1mites, gestiones sociales, servicios p\u00fablicos, seguridad, desarrollo social y dem\u00e1s demandas ciudadanas, priorizando siempre a quienes m\u00e1s lo necesitan.<\/p>\n<p>En esta ocasi\u00f3n, y como parte de una pol\u00edtica de cuidado y prevenci\u00f3n de la salud, a todas las personas asistentes se les proporcionaron cubrebocas como medida preventiva ante el brote de sarampi\u00f3n, reafirmando el compromiso del Gobierno Municipal con la protecci\u00f3n de la salud p\u00fablica y la atenci\u00f3n responsable de cualquier contingencia.<\/p>\n<p>Con estas acciones, el Ayuntamiento de Apizaco que encabeza Javier Rivera Bonilla, consolida una forma distinta de gobernar, donde la gente es el centro de las decisiones y el bienestar colectivo es la prioridad permanente para construir un mejor futuro.<\/p>\n","protected":false},"excerpt":{"rendered":"<p>Las y los ciudadanos reconocen en los Martes Ciudadanos un espacio de apertura y di\u00e1logo directo con sus autoridades. Bajo los principios de un gobierno cercano y humanista, el presidente municipal de Apizaco, Javier Rivera Bonilla, contin\u00faa fortaleciendo en 2026 el ejercicio de los Martes Ciudadanos, una estrategia de atenci\u00f3n directa que reafirma la convicci\u00f3n [&hellip;]<\/p>\n","protected":false},"author":5,"featured_media":58929,"comment_status":"open","ping_status":"open","sticky":false,"template":"","format":"standard","meta":{"footnotes":""},"categories":[226,216],"tags":[],"class_list":["post-58928","post","type-post","status-publish","format-standard","has-post-thumbnail","hentry","category-apizaco","category-municipios"],"amp_enabled":true,"_links":{"self":[{"href":"https:\/\/labestiapolitica.com.mx\/index.php?rest_route=\/wp\/v2\/posts\/58928","targetHints":{"allow":["GET"]}}],"collection":[{"href":"https:\/\/labestiapolitica.com.mx\/index.php?rest_route=\/wp\/v2\/posts"}],"about":[{"href":"https:\/\/labestiapolitica.com.mx\/index.php?rest_route=\/wp\/v2\/types\/post"}],"author":[{"embeddable":true,"href":"https:\/\/labestiapolitica.com.mx\/index.php?rest_route=\/wp\/v2\/users\/5"}],"replies":[{"embeddable":true,"href":"https:\/\/labestiapolitica.com.mx\/index.php?rest_route=%2Fwp%2Fv2%2Fcomments&post=58928"}],"version-history":[{"count":1,"href":"https:\/\/labestiapolitica.com.mx\/index.php?rest_route=\/wp\/v2\/posts\/58928\/revisions"}],"predecessor-version":[{"id":58930,"href":"https:\/\/labestiapolitica.com.mx\/index.php?rest_route=\/wp\/v2\/posts\/58928\/revisions\/58930"}],"wp:featuredmedia":[{"embeddable":true,"href":"https:\/\/labestiapolitica.com.mx\/index.php?rest_route=\/wp\/v2\/media\/58929"}],"wp:attachment":[{"href":"https:\/\/labestiapolitica.com.mx\/index.php?rest_route=%2Fwp%2Fv2%2Fmedia&parent=58928"}],"wp:term":[{"taxonomy":"category","embeddable":true,"href":"https:\/\/labestiapolitica.com.mx\/index.php?rest_route=%2Fwp%2Fv2%2Fcategories&post=58928"},{"taxonomy":"post_tag","embeddable":true,"href":"https:\/\/labestiapolitica.com.mx\/index.php?rest_route=%2Fwp%2Fv2%2Ftags&post=58928"}],"curies":[{"name":"wp","href":"https:\/\/api.w.org\/{rel}","templated":true}]}}