{"id":58934,"date":"2026-01-20T19:11:07","date_gmt":"2026-01-21T01:11:07","guid":{"rendered":"https:\/\/labestiapolitica.com.mx\/?p=58934"},"modified":"2026-01-20T19:11:07","modified_gmt":"2026-01-21T01:11:07","slug":"aprueba-congreso-agenda-legislativa-del-segundo-periodo-ordinario","status":"publish","type":"post","link":"https:\/\/labestiapolitica.com.mx\/?p=58934","title":{"rendered":"Aprueba Congreso Agenda Legislativa del Segundo Periodo Ordinario."},"content":{"rendered":"<p style=\"font-weight: 400; text-align: justify;\">El Pleno del Congreso del Estado de Tlaxcala aprob\u00f3 este d\u00eda el Programa Legislativo para el Segundo Periodo Ordinario de Sesiones del Segundo A\u00f1o de Ejercicio Legal de la LXV Legislatura, documento que traza la ruta de trabajo parlamentario que se desarrollar\u00e1 de enero a mayo del presente a\u00f1o.<\/p>\n<p style=\"font-weight: 400; text-align: justify;\">Durante la sesi\u00f3n, la diputada Laura Yamili Flores Lozano dio lectura en tribuna al Proyecto de Acuerdo, en representaci\u00f3n de las y los integrantes de la Junta de Coordinaci\u00f3n y Concertaci\u00f3n Pol\u00edtica, \u00f3rgano colegiado responsable de la integraci\u00f3n del Programa Legislativo, en coordinaci\u00f3n con la Presidencia de la Mesa Directiva.<\/p>\n<p style=\"font-weight: 400; text-align: justify;\">El Programa Legislativo contempla la presentaci\u00f3n de 68 iniciativas, impulsadas por los grupos parlamentarios, representaciones de partido, diputaciones independientes, as\u00ed como por los Poderes Ejecutivo y Judicial del Estado, reflejando la pluralidad pol\u00edtica y la diversidad de enfoques que convergen en el Poder Legislativo.<\/p>\n<p style=\"font-weight: 400; text-align: justify;\">Las iniciativas que integran la agenda legislativa abarcan materias como reformas constitucionales; justicia y derechos humanos; seguridad p\u00fablica; materia penal y civil; igualdad sustantiva y derechos de las mujeres; educaci\u00f3n, cultura, ciencia y tecnolog\u00eda; juventud y deporte; salud; trabajo y seguridad social; desarrollo municipal; medio ambiente y movilidad; derechos de ni\u00f1as, ni\u00f1os y adolescentes; bienestar animal; procedimientos legislativos; transparencia y rendici\u00f3n de cuentas, as\u00ed como temas electorales y de administraci\u00f3n p\u00fablica.<\/p>\n<p style=\"font-weight: 400; text-align: justify;\">Con esta aprobaci\u00f3n, el Congreso del Estado declara formalmente abierto el Programa Legislativo del Segundo Periodo Ordinario de Sesiones, e instruye a las comisiones ordinarias competentes a iniciar los trabajos prelegislativos y poslegislativos correspondientes, conforme a la normatividad aplicable.<\/p>\n","protected":false},"excerpt":{"rendered":"<p>El Pleno del Congreso del Estado de Tlaxcala aprob\u00f3 este d\u00eda el Programa Legislativo para el Segundo Periodo Ordinario de Sesiones del Segundo A\u00f1o de Ejercicio Legal de la LXV Legislatura, documento que traza la ruta de trabajo parlamentario que se desarrollar\u00e1 de enero a mayo del presente a\u00f1o. Durante la sesi\u00f3n, la diputada Laura [&hellip;]<\/p>\n","protected":false},"author":5,"featured_media":58935,"comment_status":"open","ping_status":"open","sticky":false,"template":"","format":"standard","meta":{"footnotes":""},"categories":[224],"tags":[],"class_list":["post-58934","post","type-post","status-publish","format-standard","has-post-thumbnail","hentry","category-congreso-del-estado-de-tlaxcala"],"amp_enabled":true,"_links":{"self":[{"href":"https:\/\/labestiapolitica.com.mx\/index.php?rest_route=\/wp\/v2\/posts\/58934","targetHints":{"allow":["GET"]}}],"collection":[{"href":"https:\/\/labestiapolitica.com.mx\/index.php?rest_route=\/wp\/v2\/posts"}],"about":[{"href":"https:\/\/labestiapolitica.com.mx\/index.php?rest_route=\/wp\/v2\/types\/post"}],"author":[{"embeddable":true,"href":"https:\/\/labestiapolitica.com.mx\/index.php?rest_route=\/wp\/v2\/users\/5"}],"replies":[{"embeddable":true,"href":"https:\/\/labestiapolitica.com.mx\/index.php?rest_route=%2Fwp%2Fv2%2Fcomments&post=58934"}],"version-history":[{"count":1,"href":"https:\/\/labestiapolitica.com.mx\/index.php?rest_route=\/wp\/v2\/posts\/58934\/revisions"}],"predecessor-version":[{"id":58936,"href":"https:\/\/labestiapolitica.com.mx\/index.php?rest_route=\/wp\/v2\/posts\/58934\/revisions\/58936"}],"wp:featuredmedia":[{"embeddable":true,"href":"https:\/\/labestiapolitica.com.mx\/index.php?rest_route=\/wp\/v2\/media\/58935"}],"wp:attachment":[{"href":"https:\/\/labestiapolitica.com.mx\/index.php?rest_route=%2Fwp%2Fv2%2Fmedia&parent=58934"}],"wp:term":[{"taxonomy":"category","embeddable":true,"href":"https:\/\/labestiapolitica.com.mx\/index.php?rest_route=%2Fwp%2Fv2%2Fcategories&post=58934"},{"taxonomy":"post_tag","embeddable":true,"href":"https:\/\/labestiapolitica.com.mx\/index.php?rest_route=%2Fwp%2Fv2%2Ftags&post=58934"}],"curies":[{"name":"wp","href":"https:\/\/api.w.org\/{rel}","templated":true}]}}