{"id":58937,"date":"2026-01-20T19:14:34","date_gmt":"2026-01-21T01:14:34","guid":{"rendered":"https:\/\/labestiapolitica.com.mx\/?p=58937"},"modified":"2026-01-20T19:14:34","modified_gmt":"2026-01-21T01:14:34","slug":"con-amplia-exposicion-sobre-sostenibilidad-ambiental-la-uatx-concluyo-su-jornada-de-profesionalizacion-docente","status":"publish","type":"post","link":"https:\/\/labestiapolitica.com.mx\/?p=58937","title":{"rendered":"Con amplia exposici\u00f3n sobre sostenibilidad ambiental, la UATx concluy\u00f3 su Jornada de Profesionalizaci\u00f3n Docente."},"content":{"rendered":"<p style=\"font-weight: 400; text-align: justify;\">La Universidad Aut\u00f3noma de Tlaxcala (UATx) se consolida como un pilar para la sostenibilidad en la regi\u00f3n y es pionera en la integraci\u00f3n de un modelo ambiental, producto del compromiso que tiene con la sociedad tlaxcalteca para racionalizar los recursos que desgastan el ambiente, modificar las desigualdades sociales e integrar a la sostenibilidad en todas sus dimensiones, asegur\u00f3 el Doctor Gabriel Cordero Mart\u00ednez, Catedr\u00e1tico de la Facultad de Agrobiolog\u00eda, al dictar la conferencia \u201cFundamentos para la sostenibilidad universitaria. El sistema ambiental\u201d.<\/p>\n<p style=\"font-weight: 400; text-align: justify;\">En esta \u00faltima actividad de la Jornada de Formaci\u00f3n y Profesionalizaci\u00f3n Docente Primavera 2026 que organiz\u00f3 la Unidad Institucional de Profesionalizaci\u00f3n Docente de la Secretar\u00eda Acad\u00e9mica, el Doctor Cordero Mart\u00ednez insisti\u00f3 en que la aplicaci\u00f3n de un modelo ambiental en la Instituci\u00f3n genera una gran expectativa para que pueda ser replicado en otras universidades del pa\u00eds.<\/p>\n<p style=\"font-weight: 400; text-align: justify;\">Agreg\u00f3 que la UATx tiene que apostar por campos sostenibles que permitan a los estudiantes aprovechar las \u00e1reas verdes y formar capital humano e intelectual que trabaje en la integraci\u00f3n de propuestas que ayuden al cuidado y la preservaci\u00f3n del medio ambiente; para lograr este prop\u00f3sito es importante la participaci\u00f3n de la comunidad estudiantil, docente, de servicios educativos y personal administrativo a fin de lograr un verdadero cambio en sus procesos.<\/p>\n<p style=\"font-weight: 400; text-align: justify;\">Por su parte, el Maestro Adolfo Cuevas S\u00e1nchez, Responsable de la Red Universitaria para la Sostenibilidad Ambiental (REuSA), expuso que a trav\u00e9s de la Pol\u00edtica de Sostenibilidad de la UATx\u00a0 se contemplan diversas acciones, por ejemplo, la generaci\u00f3n de un marco de indicadores de desempe\u00f1o ambiental, orientaci\u00f3n de las funciones sustantivas y adjetivas hacia la sostenibilidad, avanzar en la ejecuci\u00f3n del Programa Institucional de Cambio Clim\u00e1tico y Sostenibilidad (PICCYS) y en la REuSA.<\/p>\n<p style=\"font-weight: 400; text-align: justify;\">Adem\u00e1s, precis\u00f3 que se cuenta con una agenda y estrategias para tem\u00e1ticas como estructura sostenible, formaci\u00f3n, investigaci\u00f3n, extensi\u00f3n y difusi\u00f3n; gesti\u00f3n ambiental y movilidad. Y aun cuando se tiene m\u00e1s de un a\u00f1o trabajando en el PICCYS, es necesario sumar a m\u00e1s \u00e1reas universitarias para impulsar acciones que conduzcan a la disminuci\u00f3n del uso de pl\u00e1stico y PET, entre otras actividades.<\/p>\n<p style=\"font-weight: 400; text-align: justify;\">La Jornada de Formaci\u00f3n y Profesionalizaci\u00f3n Docente Primavera 2026 tuvo como prop\u00f3sito brindar las herramientas pedag\u00f3gicas que permiten convertir el conocimiento especializado en experiencias de aprendizaje significativo.<\/p>\n","protected":false},"excerpt":{"rendered":"<p>La Universidad Aut\u00f3noma de Tlaxcala (UATx) se consolida como un pilar para la sostenibilidad en la regi\u00f3n y es pionera en la integraci\u00f3n de un modelo ambiental, producto del compromiso que tiene con la sociedad tlaxcalteca para racionalizar los recursos que desgastan el ambiente, modificar las desigualdades sociales e integrar a la sostenibilidad en todas [&hellip;]<\/p>\n","protected":false},"author":5,"featured_media":58941,"comment_status":"open","ping_status":"open","sticky":false,"template":"","format":"standard","meta":{"footnotes":""},"categories":[213,241],"tags":[],"class_list":["post-58937","post","type-post","status-publish","format-standard","has-post-thumbnail","hentry","category-educacion","category-uatx"],"amp_enabled":true,"_links":{"self":[{"href":"https:\/\/labestiapolitica.com.mx\/index.php?rest_route=\/wp\/v2\/posts\/58937","targetHints":{"allow":["GET"]}}],"collection":[{"href":"https:\/\/labestiapolitica.com.mx\/index.php?rest_route=\/wp\/v2\/posts"}],"about":[{"href":"https:\/\/labestiapolitica.com.mx\/index.php?rest_route=\/wp\/v2\/types\/post"}],"author":[{"embeddable":true,"href":"https:\/\/labestiapolitica.com.mx\/index.php?rest_route=\/wp\/v2\/users\/5"}],"replies":[{"embeddable":true,"href":"https:\/\/labestiapolitica.com.mx\/index.php?rest_route=%2Fwp%2Fv2%2Fcomments&post=58937"}],"version-history":[{"count":1,"href":"https:\/\/labestiapolitica.com.mx\/index.php?rest_route=\/wp\/v2\/posts\/58937\/revisions"}],"predecessor-version":[{"id":58942,"href":"https:\/\/labestiapolitica.com.mx\/index.php?rest_route=\/wp\/v2\/posts\/58937\/revisions\/58942"}],"wp:featuredmedia":[{"embeddable":true,"href":"https:\/\/labestiapolitica.com.mx\/index.php?rest_route=\/wp\/v2\/media\/58941"}],"wp:attachment":[{"href":"https:\/\/labestiapolitica.com.mx\/index.php?rest_route=%2Fwp%2Fv2%2Fmedia&parent=58937"}],"wp:term":[{"taxonomy":"category","embeddable":true,"href":"https:\/\/labestiapolitica.com.mx\/index.php?rest_route=%2Fwp%2Fv2%2Fcategories&post=58937"},{"taxonomy":"post_tag","embeddable":true,"href":"https:\/\/labestiapolitica.com.mx\/index.php?rest_route=%2Fwp%2Fv2%2Ftags&post=58937"}],"curies":[{"name":"wp","href":"https:\/\/api.w.org\/{rel}","templated":true}]}}