{"id":58940,"date":"2026-01-20T19:20:00","date_gmt":"2026-01-21T01:20:00","guid":{"rendered":"https:\/\/labestiapolitica.com.mx\/?p=58940"},"modified":"2026-01-20T19:20:00","modified_gmt":"2026-01-21T01:20:00","slug":"odalys-adali-munoz-sanchez-es-coronada-reina-de-la-feria-de-zacatelco-2026","status":"publish","type":"post","link":"https:\/\/labestiapolitica.com.mx\/?p=58940","title":{"rendered":"Odalys Adal\u00ed Mu\u00f1oz S\u00e1nchez es coronada Reina de la Feria de Zacatelco 2026"},"content":{"rendered":"<p>En un ambiente de entusiasmo y sana convivencia, se llev\u00f3 a cabo el certamen para elegir a la Reina de la Feria de Zacatelco 2026, teniendo como sede el Auditorio Nicanor Serrano, el cual registr\u00f3 una importante asistencia de ciudadanos que acudieron a respaldar a las participantes.<\/p>\n<p>En esta edici\u00f3n participaron cinco j\u00f3venes representantes del municipio: Yaret del Carmen D\u00edaz Mena, Brenda Vargas Fern\u00e1ndez, Yazm\u00edn Alexa S\u00e1nchez Hern\u00e1ndez, Cielo S\u00e1nchez Grande y Odalys Adal\u00ed Mu\u00f1oz S\u00e1nchez, quienes demostraron preparaci\u00f3n, compromiso y amor por Zacatelco durante cada una de las etapas del certamen.<\/p>\n<p>Desde el inicio del proceso, las candidatas mantuvieron una convivencia respetuosa y cordial, priorizando el compa\u00f1erismo y el trabajo en equipo, lo que permiti\u00f3 que la competencia se desarrollara en un entorno sano y armonioso.<\/p>\n<p>Durante el certamen, el p\u00fablico presenci\u00f3 diversas etapas, entre ellas la presentaci\u00f3n en vestido c\u00f3ctel, as\u00ed como un performance art\u00edstico a cargo de Primer Studio y Rafael Varela, quienes aportaron dinamismo y realce al evento.<\/p>\n<p>Uno de los momentos m\u00e1s relevantes fue la exposici\u00f3n de proyectos con causa social, en la que las participantes presentaron propuestas orientadas al bien social, destacando su vocaci\u00f3n altruista, sensibilidad social y compromiso con el desarrollo del municipio.<\/p>\n<p>Al finalizar el evento, el presidente municipal de Zacatelco Jos\u00e9 Miguel Acatzi Luna, entreg\u00f3 reconocimientos a los artistas participantes, al jurado calificador y a las cinco concursantes, en reconocimiento a su dedicaci\u00f3n y esfuerzo. El jurado estuvo integrado por Citlalli V\u00e1zquez M\u00e1rquez, Flor Tlaxcalteca, Nailar Mendoza Mart\u00edn y Guadalupe Morales Garc\u00eda.<\/p>\n<p>Tras la deliberaci\u00f3n del jurado, se dio a conocer el resultado final del certamen: Odalys Adal\u00ed Mu\u00f1oz S\u00e1nchez, originaria de la comunidad de Guardia fue coronada Reina de la Feria de Zacatelco 2026, Cielo S\u00e1nchez Grande obtuvo el t\u00edtulo de Primera Princesa y Yazm\u00edn Alexa S\u00e1nchez Hern\u00e1ndez el de Segunda Princesa.<\/p>\n<p>Este evento marca el inicio del programa de actividades festivas en el municipio, fortaleciendo la identidad cultural y consolidando a la Feria de Zacatelco como una de las celebraciones m\u00e1s representativas para la comunidad.<\/p>\n","protected":false},"excerpt":{"rendered":"<p>En un ambiente de entusiasmo y sana convivencia, se llev\u00f3 a cabo el certamen para elegir a la Reina de la Feria de Zacatelco 2026, teniendo como sede el Auditorio Nicanor Serrano, el cual registr\u00f3 una importante asistencia de ciudadanos que acudieron a respaldar a las participantes. En esta edici\u00f3n participaron cinco j\u00f3venes representantes del [&hellip;]<\/p>\n","protected":false},"author":5,"featured_media":58944,"comment_status":"open","ping_status":"open","sticky":false,"template":"","format":"standard","meta":{"footnotes":""},"categories":[216,217],"tags":[],"class_list":["post-58940","post","type-post","status-publish","format-standard","has-post-thumbnail","hentry","category-municipios","category-zacatelco"],"amp_enabled":true,"_links":{"self":[{"href":"https:\/\/labestiapolitica.com.mx\/index.php?rest_route=\/wp\/v2\/posts\/58940","targetHints":{"allow":["GET"]}}],"collection":[{"href":"https:\/\/labestiapolitica.com.mx\/index.php?rest_route=\/wp\/v2\/posts"}],"about":[{"href":"https:\/\/labestiapolitica.com.mx\/index.php?rest_route=\/wp\/v2\/types\/post"}],"author":[{"embeddable":true,"href":"https:\/\/labestiapolitica.com.mx\/index.php?rest_route=\/wp\/v2\/users\/5"}],"replies":[{"embeddable":true,"href":"https:\/\/labestiapolitica.com.mx\/index.php?rest_route=%2Fwp%2Fv2%2Fcomments&post=58940"}],"version-history":[{"count":1,"href":"https:\/\/labestiapolitica.com.mx\/index.php?rest_route=\/wp\/v2\/posts\/58940\/revisions"}],"predecessor-version":[{"id":58945,"href":"https:\/\/labestiapolitica.com.mx\/index.php?rest_route=\/wp\/v2\/posts\/58940\/revisions\/58945"}],"wp:featuredmedia":[{"embeddable":true,"href":"https:\/\/labestiapolitica.com.mx\/index.php?rest_route=\/wp\/v2\/media\/58944"}],"wp:attachment":[{"href":"https:\/\/labestiapolitica.com.mx\/index.php?rest_route=%2Fwp%2Fv2%2Fmedia&parent=58940"}],"wp:term":[{"taxonomy":"category","embeddable":true,"href":"https:\/\/labestiapolitica.com.mx\/index.php?rest_route=%2Fwp%2Fv2%2Fcategories&post=58940"},{"taxonomy":"post_tag","embeddable":true,"href":"https:\/\/labestiapolitica.com.mx\/index.php?rest_route=%2Fwp%2Fv2%2Ftags&post=58940"}],"curies":[{"name":"wp","href":"https:\/\/api.w.org\/{rel}","templated":true}]}}