{"id":58951,"date":"2026-01-20T19:43:22","date_gmt":"2026-01-21T01:43:22","guid":{"rendered":"https:\/\/labestiapolitica.com.mx\/?p=58951"},"modified":"2026-01-20T19:43:22","modified_gmt":"2026-01-21T01:43:22","slug":"invita-ayuntamiento-de-huamantla-al-programa-de-apoyo-alimentario-para-la-primera-infancia","status":"publish","type":"post","link":"https:\/\/labestiapolitica.com.mx\/?p=58951","title":{"rendered":"Invita Ayuntamiento de Huamantla al Programa de Apoyo Alimentario para la Primera Infancia."},"content":{"rendered":"<div style=\"text-align: justify;\">El Ayuntamiento de Huamantla, a trav\u00e9s del Sistema Municipal DIF (SMDIF), invita a madres, padres y tutores de las 39 comunidades y la cabecera municipal a participar en el Programa de Apoyo Alimentario para la Primera Infancia, dirigido a ni\u00f1as y ni\u00f1os en situaci\u00f3n de vulnerabilidad.<\/div>\n<div style=\"text-align: justify;\"><\/div>\n<div style=\"text-align: justify;\">Este programa est\u00e1 enfocado en fortalecer la nutrici\u00f3n y el desarrollo integral durante una de las etapas m\u00e1s importantes de la vida, por lo que se ha establecido un rango espec\u00edfico de edades para su acceso, de acuerdo con la fecha de nacimiento de las y los menores:<\/div>\n<div style=\"text-align: justify;\">\u2022Septiembre a diciembre de 2023:<\/div>\n<div style=\"text-align: justify;\">Ni\u00f1as y ni\u00f1os de 25 a 28 meses de edad.<\/div>\n<div style=\"text-align: justify;\">\u2022Enero de 2024:<\/div>\n<div style=\"text-align: justify;\">Ni\u00f1as y ni\u00f1os de 24 meses de edad.<\/div>\n<div style=\"text-align: justify;\">\u2022Enero a julio de 2025:<\/div>\n<div style=\"text-align: justify;\">Ni\u00f1as y ni\u00f1os de 6 a 12 meses de edad.<\/div>\n<div style=\"text-align: justify;\"><\/div>\n<div style=\"text-align: justify;\">Es importante se\u00f1alar que, si la ni\u00f1a o el ni\u00f1o ya no cumple con la edad correspondiente a su periodo de nacimiento al momento del registro, no podr\u00e1 acceder al programa, sin excepci\u00f3n.<\/div>\n<div style=\"text-align: justify;\"><\/div>\n<div style=\"text-align: justify;\">La informaci\u00f3n y recepci\u00f3n de documentaci\u00f3n se realiza \u00fanicamente de manera personal y presencial, ya sea en la Presidencia de su Comunidad o en las oficinas del SMDIF Huamantla.<\/div>\n<div style=\"text-align: justify;\">No se brinda informaci\u00f3n por v\u00eda telef\u00f3nica.<\/div>\n<div style=\"text-align: justify;\"><\/div>\n<div style=\"text-align: justify;\">El Gobierno Municipal, encabezado por el presidente Salvador Santos Cedillo, refrenda su compromiso de impulsar acciones que fortalezcan el bienestar de la ni\u00f1ez huamantleca, priorizando a los sectores m\u00e1s vulnerables.<\/div>\n<div style=\"text-align: justify;\"><\/div>\n<div style=\"text-align: justify;\">\u26a0\ufe0f Cupo limitado.<\/div>\n","protected":false},"excerpt":{"rendered":"<p>El Ayuntamiento de Huamantla, a trav\u00e9s del Sistema Municipal DIF (SMDIF), invita a madres, padres y tutores de las 39 comunidades y la cabecera municipal a participar en el Programa de Apoyo Alimentario para la Primera Infancia, dirigido a ni\u00f1as y ni\u00f1os en situaci\u00f3n de vulnerabilidad. Este programa est\u00e1 enfocado en fortalecer la nutrici\u00f3n y [&hellip;]<\/p>\n","protected":false},"author":5,"featured_media":58952,"comment_status":"open","ping_status":"open","sticky":false,"template":"","format":"standard","meta":{"footnotes":""},"categories":[7,220,216],"tags":[],"class_list":["post-58951","post","type-post","status-publish","format-standard","has-post-thumbnail","hentry","category-ciudadanos","category-huamantla","category-municipios"],"amp_enabled":true,"_links":{"self":[{"href":"https:\/\/labestiapolitica.com.mx\/index.php?rest_route=\/wp\/v2\/posts\/58951","targetHints":{"allow":["GET"]}}],"collection":[{"href":"https:\/\/labestiapolitica.com.mx\/index.php?rest_route=\/wp\/v2\/posts"}],"about":[{"href":"https:\/\/labestiapolitica.com.mx\/index.php?rest_route=\/wp\/v2\/types\/post"}],"author":[{"embeddable":true,"href":"https:\/\/labestiapolitica.com.mx\/index.php?rest_route=\/wp\/v2\/users\/5"}],"replies":[{"embeddable":true,"href":"https:\/\/labestiapolitica.com.mx\/index.php?rest_route=%2Fwp%2Fv2%2Fcomments&post=58951"}],"version-history":[{"count":1,"href":"https:\/\/labestiapolitica.com.mx\/index.php?rest_route=\/wp\/v2\/posts\/58951\/revisions"}],"predecessor-version":[{"id":58953,"href":"https:\/\/labestiapolitica.com.mx\/index.php?rest_route=\/wp\/v2\/posts\/58951\/revisions\/58953"}],"wp:featuredmedia":[{"embeddable":true,"href":"https:\/\/labestiapolitica.com.mx\/index.php?rest_route=\/wp\/v2\/media\/58952"}],"wp:attachment":[{"href":"https:\/\/labestiapolitica.com.mx\/index.php?rest_route=%2Fwp%2Fv2%2Fmedia&parent=58951"}],"wp:term":[{"taxonomy":"category","embeddable":true,"href":"https:\/\/labestiapolitica.com.mx\/index.php?rest_route=%2Fwp%2Fv2%2Fcategories&post=58951"},{"taxonomy":"post_tag","embeddable":true,"href":"https:\/\/labestiapolitica.com.mx\/index.php?rest_route=%2Fwp%2Fv2%2Ftags&post=58951"}],"curies":[{"name":"wp","href":"https:\/\/api.w.org\/{rel}","templated":true}]}}