{"id":58962,"date":"2026-01-20T19:58:31","date_gmt":"2026-01-21T01:58:31","guid":{"rendered":"https:\/\/labestiapolitica.com.mx\/?p=58962"},"modified":"2026-01-20T19:58:31","modified_gmt":"2026-01-21T01:58:31","slug":"sistema-municipal-dif-ixtenco-abre-vacante-para-medicoa","status":"publish","type":"post","link":"https:\/\/labestiapolitica.com.mx\/?p=58962","title":{"rendered":"Sistema Municipal DIF Ixtenco abre vacante para M\u00e9dico(a)."},"content":{"rendered":"<p style=\"text-align: justify;\">El Sistema Municipal DIF Ixtenco informa a la poblaci\u00f3n que se encuentra abierta la vacante para M\u00e9dico(a), con el objetivo de fortalecer los servicios de atenci\u00f3n a la salud que se brindan a las familias del municipio.<\/p>\n<p style=\"text-align: justify;\">Esta acci\u00f3n forma parte del compromiso del Gobierno Municipal de Ixtenco, encabezado por la Aline Lazo Caballero, de continuar reforzando la atenci\u00f3n m\u00e9dica y los programas de bienestar social a trav\u00e9s del Sistema Municipal DIF.<\/p>\n<p style=\"text-align: justify;\">La convocatoria est\u00e1 dirigida a profesionistas de la salud, de sexo indistinto, que cuenten con t\u00edtulo profesional y c\u00e9dula profesional, requisitos indispensables para el desempe\u00f1o del cargo.<\/p>\n<p style=\"text-align: justify;\">Las personas interesadas deber\u00e1n entregar su Curr\u00edculum Vitae en las oficinas del DIF Municipal, en un horario de 9:00 de la ma\u00f1ana a 4:00 de la tarde, o bien enviarlo a trav\u00e9s de mensaje inbox en las redes oficiales.<\/p>\n<p style=\"text-align: justify;\">Por su parte, la Alicia Caballero Yonca, presidenta honor\u00edfica del Sistema Municipal DIF Ixtenco, reiter\u00f3 la importancia de contar con personal m\u00e9dico capacitado y con vocaci\u00f3n de servicio, que contribuya a mejorar la calidad de vida de las y los habitantes del municipio.<\/p>\n","protected":false},"excerpt":{"rendered":"<p>El Sistema Municipal DIF Ixtenco informa a la poblaci\u00f3n que se encuentra abierta la vacante para M\u00e9dico(a), con el objetivo de fortalecer los servicios de atenci\u00f3n a la salud que se brindan a las familias del municipio. Esta acci\u00f3n forma parte del compromiso del Gobierno Municipal de Ixtenco, encabezado por la Aline Lazo Caballero, de [&hellip;]<\/p>\n","protected":false},"author":5,"featured_media":58963,"comment_status":"open","ping_status":"open","sticky":false,"template":"","format":"standard","meta":{"footnotes":""},"categories":[7,257,216],"tags":[],"class_list":["post-58962","post","type-post","status-publish","format-standard","has-post-thumbnail","hentry","category-ciudadanos","category-ixtenco","category-municipios"],"amp_enabled":true,"_links":{"self":[{"href":"https:\/\/labestiapolitica.com.mx\/index.php?rest_route=\/wp\/v2\/posts\/58962","targetHints":{"allow":["GET"]}}],"collection":[{"href":"https:\/\/labestiapolitica.com.mx\/index.php?rest_route=\/wp\/v2\/posts"}],"about":[{"href":"https:\/\/labestiapolitica.com.mx\/index.php?rest_route=\/wp\/v2\/types\/post"}],"author":[{"embeddable":true,"href":"https:\/\/labestiapolitica.com.mx\/index.php?rest_route=\/wp\/v2\/users\/5"}],"replies":[{"embeddable":true,"href":"https:\/\/labestiapolitica.com.mx\/index.php?rest_route=%2Fwp%2Fv2%2Fcomments&post=58962"}],"version-history":[{"count":1,"href":"https:\/\/labestiapolitica.com.mx\/index.php?rest_route=\/wp\/v2\/posts\/58962\/revisions"}],"predecessor-version":[{"id":58964,"href":"https:\/\/labestiapolitica.com.mx\/index.php?rest_route=\/wp\/v2\/posts\/58962\/revisions\/58964"}],"wp:featuredmedia":[{"embeddable":true,"href":"https:\/\/labestiapolitica.com.mx\/index.php?rest_route=\/wp\/v2\/media\/58963"}],"wp:attachment":[{"href":"https:\/\/labestiapolitica.com.mx\/index.php?rest_route=%2Fwp%2Fv2%2Fmedia&parent=58962"}],"wp:term":[{"taxonomy":"category","embeddable":true,"href":"https:\/\/labestiapolitica.com.mx\/index.php?rest_route=%2Fwp%2Fv2%2Fcategories&post=58962"},{"taxonomy":"post_tag","embeddable":true,"href":"https:\/\/labestiapolitica.com.mx\/index.php?rest_route=%2Fwp%2Fv2%2Ftags&post=58962"}],"curies":[{"name":"wp","href":"https:\/\/api.w.org\/{rel}","templated":true}]}}