{"id":58971,"date":"2026-01-20T20:20:31","date_gmt":"2026-01-21T02:20:31","guid":{"rendered":"https:\/\/labestiapolitica.com.mx\/?p=58971"},"modified":"2026-01-20T20:20:31","modified_gmt":"2026-01-21T02:20:31","slug":"vecinos-de-acuitlapilco-y-miraflores-reconocen-como-cercano-y-abierto-al-presidente-municipal-alfonso-sanchez-garcia","status":"publish","type":"post","link":"https:\/\/labestiapolitica.com.mx\/?p=58971","title":{"rendered":"Vecinos de Acuitlapilco y Miraflores reconocen como cercano y abierto al Presidente Municipal Alfonso S\u00e1nchez Garc\u00eda."},"content":{"rendered":"<p style=\"text-align: justify;\">Durante una primera jornada de supervisi\u00f3n de \u201cMenos escritorio y m\u00e1s territorio\u201d, habitantes de Acuitlapilco y Miraflores reconocieron el trato abierto y cercano del presidente municipal de Tlaxcala, Alfonso S\u00e1nchez Garc\u00eda, al encabezar recorridos y actividades directamente en las calles y colonias.<\/p>\n<p style=\"text-align: justify;\">En el lugar, el edil capitalino explic\u00f3 que este programa contempla acciones inmediatas como bacheo, balizaje, reparaci\u00f3n de luminarias, integraci\u00f3n de comit\u00e9s de seguridad y vecinos vigilantes, as\u00ed como la organizaci\u00f3n de rondines comunitarios y trabajos de drenaje.<\/p>\n<p style=\"text-align: justify;\">Adem\u00e1s, destac\u00f3 que uno de los ejes centrales es el levantamiento de necesidades para proyectar obras de mayor alcance que respondan a las demandas reales de la poblaci\u00f3n.<\/p>\n<p style=\"text-align: justify;\">Una de las vecinas, Magdalena Gonz\u00e1lez Ortega destac\u00f3 que esta labor emprendida por el Ayuntamiento favorecer\u00e1 de manera muy importante a los habitantes de Acuitlapilco. \u201cAgradecemos mucho la asistencia del arquitecto Alfonso S\u00e1nchez Garc\u00eda por estar al pendiente de las comunidades\u201d.<\/p>\n<p style=\"text-align: justify;\">A su vez, otro de los vecinos, Jos\u00e9 Anselmo Flores M\u00e9ndez agradeci\u00f3 la visita del presidente municipal a su colonia. \u201cQu\u00e9 bueno que nos est\u00e1 apoyando. El presidente ya enumer\u00f3 las necesidades, que son el bacheo, la recolecci\u00f3n de basura y lo de una barda que se cay\u00f3 en una granizada. Desde hoy muy temprano ya estamos viendo los primeros resultados en el bacheo\u201d, enfatiz\u00f3.<\/p>\n<p style=\"text-align: justify;\">As\u00ed que, apenas un d\u00eda despu\u00e9s del arranque de estas actividades, vecinas y vecinos coincidieron en que los resultados de \u201cMenos escritorio y m\u00e1s territorio\u201d son inmediatos y visibles en sus calles y colonias.<\/p>\n<p style=\"text-align: justify;\">El presidente municipal inform\u00f3 que continuar\u00e1 con estas supervisiones de manera permanente, con el objetivo de constatar avances y fortalecer estas acciones como un ejercicio de gobierno cercano y de resultados.<\/p>\n","protected":false},"excerpt":{"rendered":"<p>Durante una primera jornada de supervisi\u00f3n de \u201cMenos escritorio y m\u00e1s territorio\u201d, habitantes de Acuitlapilco y Miraflores reconocieron el trato abierto y cercano del presidente municipal de Tlaxcala, Alfonso S\u00e1nchez Garc\u00eda, al encabezar recorridos y actividades directamente en las calles y colonias. En el lugar, el edil capitalino explic\u00f3 que este programa contempla acciones inmediatas [&hellip;]<\/p>\n","protected":false},"author":5,"featured_media":58972,"comment_status":"open","ping_status":"open","sticky":false,"template":"","format":"standard","meta":{"footnotes":""},"categories":[7,216,214],"tags":[],"class_list":["post-58971","post","type-post","status-publish","format-standard","has-post-thumbnail","hentry","category-ciudadanos","category-municipios","category-tlaxcala-capital"],"amp_enabled":true,"_links":{"self":[{"href":"https:\/\/labestiapolitica.com.mx\/index.php?rest_route=\/wp\/v2\/posts\/58971","targetHints":{"allow":["GET"]}}],"collection":[{"href":"https:\/\/labestiapolitica.com.mx\/index.php?rest_route=\/wp\/v2\/posts"}],"about":[{"href":"https:\/\/labestiapolitica.com.mx\/index.php?rest_route=\/wp\/v2\/types\/post"}],"author":[{"embeddable":true,"href":"https:\/\/labestiapolitica.com.mx\/index.php?rest_route=\/wp\/v2\/users\/5"}],"replies":[{"embeddable":true,"href":"https:\/\/labestiapolitica.com.mx\/index.php?rest_route=%2Fwp%2Fv2%2Fcomments&post=58971"}],"version-history":[{"count":1,"href":"https:\/\/labestiapolitica.com.mx\/index.php?rest_route=\/wp\/v2\/posts\/58971\/revisions"}],"predecessor-version":[{"id":58973,"href":"https:\/\/labestiapolitica.com.mx\/index.php?rest_route=\/wp\/v2\/posts\/58971\/revisions\/58973"}],"wp:featuredmedia":[{"embeddable":true,"href":"https:\/\/labestiapolitica.com.mx\/index.php?rest_route=\/wp\/v2\/media\/58972"}],"wp:attachment":[{"href":"https:\/\/labestiapolitica.com.mx\/index.php?rest_route=%2Fwp%2Fv2%2Fmedia&parent=58971"}],"wp:term":[{"taxonomy":"category","embeddable":true,"href":"https:\/\/labestiapolitica.com.mx\/index.php?rest_route=%2Fwp%2Fv2%2Fcategories&post=58971"},{"taxonomy":"post_tag","embeddable":true,"href":"https:\/\/labestiapolitica.com.mx\/index.php?rest_route=%2Fwp%2Fv2%2Ftags&post=58971"}],"curies":[{"name":"wp","href":"https:\/\/api.w.org\/{rel}","templated":true}]}}