{"id":58974,"date":"2026-01-20T20:23:57","date_gmt":"2026-01-21T02:23:57","guid":{"rendered":"https:\/\/labestiapolitica.com.mx\/?p=58974"},"modified":"2026-01-20T20:23:57","modified_gmt":"2026-01-21T02:23:57","slug":"salvador-santos-impulsa-a-huamantla-en-la-proyeccion-internacional-durante-fitur-2026-en-madrid","status":"publish","type":"post","link":"https:\/\/labestiapolitica.com.mx\/?p=58974","title":{"rendered":"Salvador Santos impulsa a Huamantla en la proyecci\u00f3n internacional durante FITUR 2026, en Madrid."},"content":{"rendered":"<p style=\"text-align: justify;\">Bajo el liderazgo del presidente municipal Salvador Santos Cedillo, Huamantla fortalece su proyecci\u00f3n internacional durante las actividades de promoci\u00f3n realizadas en el marco de FITUR 2026, en Madrid, Espa\u00f1a, uno de los encuentros tur\u00edsticos m\u00e1s importantes del mundo.<\/p>\n<p style=\"text-align: justify;\">Como parte de esta agenda internacional, la comitiva tlaxcalteca llev\u00f3 a cabo una activaci\u00f3n cultural en el Centro Comercial La Vaguada, uno de los espacios comerciales m\u00e1s emblem\u00e1ticos y concurridos de la capital espa\u00f1ola, donde Huamantla fue protagonista a trav\u00e9s de sus tradicionales tapetes y alfombras.<\/p>\n<p style=\"text-align: justify;\">Estas expresiones art\u00edsticas se convirtieron en el eje visual y simb\u00f3lico de la muestra cultural, atrayendo la atenci\u00f3n de visitantes, medios de comunicaci\u00f3n y p\u00fablico internacional, reafirmando a Huamantla como un referente nacional e internacional del arte ef\u00edmero, la identidad comunitaria y las tradiciones vivas de M\u00e9xico.<\/p>\n<p style=\"text-align: justify;\">La participaci\u00f3n de Huamantla en este importante escaparate internacional es resultado del trabajo coordinado entre el Gobierno del Estado de Tlaxcala y el Gobierno Municipal de Huamantla, con el objetivo de fortalecer la promoci\u00f3n tur\u00edstica del estado y posicionar a Huamantla como un destino estrat\u00e9gico dentro de las rutas culturales y tur\u00edsticas de Europa.<\/p>\n<p style=\"text-align: justify;\">El presidente municipal Salvador Santos Cedillo ha destacado que este tipo de acciones permiten consolidar a Huamantla como Pueblo M\u00e1gico, proyectando su riqueza cultural, su identidad y su vocaci\u00f3n tur\u00edstica ante mercados internacionales clave, generando mayores oportunidades de desarrollo econ\u00f3mico y tur\u00edstico para el municipio.<\/p>\n<p style=\"text-align: justify;\">Asimismo, la Direcci\u00f3n de Turismo, Cultura y Desarrollo Taurino del Municipio de Huamantla, encabezada por Marco Antonio Galindo Vallejo, ha dado seguimiento puntual a esta activaci\u00f3n, subrayando la importancia de aprovechar escenarios internacionales de alto impacto, como FITUR, para posicionar el nombre de Huamantla, fortalecer su reconocimiento visual y generar v\u00ednculos con operadores y agencias tur\u00edsticas.<\/p>\n<p style=\"text-align: justify;\">Estas acciones forman parte de una estrategia integral de promoci\u00f3n tur\u00edstica internacional, orientada a integrar a Huamantla en rutas tur\u00edsticas europeas, establecer alianzas estrat\u00e9gicas y seguir proyectando al municipio como un destino cultural s\u00f3lido, con identidad propia y proyecci\u00f3n global.<\/p>\n<p style=\"text-align: justify;\">Con este esfuerzo conjunto, Huamantla contin\u00faa cruzando fronteras, demostrando que la coordinaci\u00f3n entre los distintos niveles de gobierno y el liderazgo municipal son clave para que su tradici\u00f3n, su arte y su nombre sigan brillando a nivel internacional.<\/p>\n","protected":false},"excerpt":{"rendered":"<p>Bajo el liderazgo del presidente municipal Salvador Santos Cedillo, Huamantla fortalece su proyecci\u00f3n internacional durante las actividades de promoci\u00f3n realizadas en el marco de FITUR 2026, en Madrid, Espa\u00f1a, uno de los encuentros tur\u00edsticos m\u00e1s importantes del mundo. Como parte de esta agenda internacional, la comitiva tlaxcalteca llev\u00f3 a cabo una activaci\u00f3n cultural en el [&hellip;]<\/p>\n","protected":false},"author":5,"featured_media":58975,"comment_status":"open","ping_status":"open","sticky":false,"template":"","format":"standard","meta":{"footnotes":""},"categories":[7,216],"tags":[],"class_list":["post-58974","post","type-post","status-publish","format-standard","has-post-thumbnail","hentry","category-ciudadanos","category-municipios"],"amp_enabled":true,"_links":{"self":[{"href":"https:\/\/labestiapolitica.com.mx\/index.php?rest_route=\/wp\/v2\/posts\/58974","targetHints":{"allow":["GET"]}}],"collection":[{"href":"https:\/\/labestiapolitica.com.mx\/index.php?rest_route=\/wp\/v2\/posts"}],"about":[{"href":"https:\/\/labestiapolitica.com.mx\/index.php?rest_route=\/wp\/v2\/types\/post"}],"author":[{"embeddable":true,"href":"https:\/\/labestiapolitica.com.mx\/index.php?rest_route=\/wp\/v2\/users\/5"}],"replies":[{"embeddable":true,"href":"https:\/\/labestiapolitica.com.mx\/index.php?rest_route=%2Fwp%2Fv2%2Fcomments&post=58974"}],"version-history":[{"count":1,"href":"https:\/\/labestiapolitica.com.mx\/index.php?rest_route=\/wp\/v2\/posts\/58974\/revisions"}],"predecessor-version":[{"id":58976,"href":"https:\/\/labestiapolitica.com.mx\/index.php?rest_route=\/wp\/v2\/posts\/58974\/revisions\/58976"}],"wp:featuredmedia":[{"embeddable":true,"href":"https:\/\/labestiapolitica.com.mx\/index.php?rest_route=\/wp\/v2\/media\/58975"}],"wp:attachment":[{"href":"https:\/\/labestiapolitica.com.mx\/index.php?rest_route=%2Fwp%2Fv2%2Fmedia&parent=58974"}],"wp:term":[{"taxonomy":"category","embeddable":true,"href":"https:\/\/labestiapolitica.com.mx\/index.php?rest_route=%2Fwp%2Fv2%2Fcategories&post=58974"},{"taxonomy":"post_tag","embeddable":true,"href":"https:\/\/labestiapolitica.com.mx\/index.php?rest_route=%2Fwp%2Fv2%2Ftags&post=58974"}],"curies":[{"name":"wp","href":"https:\/\/api.w.org\/{rel}","templated":true}]}}