{"id":58983,"date":"2026-01-21T12:54:27","date_gmt":"2026-01-21T18:54:27","guid":{"rendered":"https:\/\/labestiapolitica.com.mx\/?p=58983"},"modified":"2026-01-21T18:37:10","modified_gmt":"2026-01-22T00:37:10","slug":"pt-activa-suplencia-familiar-tras-licencia-indefinida-de-diputado","status":"publish","type":"post","link":"https:\/\/labestiapolitica.com.mx\/?p=58983","title":{"rendered":"PT Activa Suplencia Familiar Tras Licencia Indefinida de Diputado"},"content":{"rendered":"<p class=\"p1\" style=\"text-align: justify;\">Mariana LOVERA\/\/ La salida temporal, pero por tiempo indefinido, del diputado local Silvano Garay Ulloa del Partido del Trabajo (PT) de la 65 Legislatura local, ha activado de inmediato un mecanismo de relevo familiar que redibuja el escenario pol\u00edtico del distrito. La solicitud, ya en manos de la Comisi\u00f3n de Puntos Constitucionales, no solo abre un par\u00e9ntesis en la trayectoria del legislador, sino que despeja el camino para un suceso poco com\u00fan en la din\u00e1mica formal del congreso: la protesta de su propio hijo, Silvano Garay Loredo, como sustituto.<\/p>\n<p class=\"p1\" style=\"text-align: justify;\"><span class=\"s1\">Este movimiento trasciende una simple licencia administrativa. Plantea interrogantes sobre la naturaleza de la representaci\u00f3n pol\u00edtica y el dise\u00f1o de las suplencias en el sistema electoral. La figura del suplente, concebida para garantizar la continuidad de la representaci\u00f3n ciudadana ante ausencias, se convierte aqu\u00ed en un veh\u00edculo de sucesi\u00f3n intrafamiliar, un \u00abrelevo generacional\u00bb en caliente dentro de la misma curul.<\/span><\/p>\n<p class=\"p1\" style=\"text-align: justify;\"><span class=\"s1\">El foco de la noticia ya no es solo la ausencia del titular, sino la inminente presencia del heredero pol\u00edtico. La pr\u00f3xima sesi\u00f3n en la que se cite a Garay Loredo para rendir protesta se perfila como el acto central, un traspaso de cargo que fusiona lo personal con lo institucional. Esto sit\u00faa al partido en una posici\u00f3n delicada, donde debe balancear su defensa del procedimiento legal (totalmente v\u00e1lido) con la percepci\u00f3n p\u00fablica de que fortalece dinast\u00edas pol\u00edticas en un espacio destinado a la representaci\u00f3n popular diversa.<\/span><\/p>\n<p class=\"p1\" style=\"text-align: justify;\"><span class=\"s1\">La licencia \u00abpor tiempo indefinido\u00bb a\u00f1ade un matiz estrat\u00e9gico: no es una renuncia, sino una suspensi\u00f3n que mantiene al diputado original como titular nominal, mientras su suplente \u2014y en este caso, su descendiente\u2014 ejerce el poder efectivo<\/span><\/p>\n","protected":false},"excerpt":{"rendered":"<p>Mariana LOVERA\/\/ La salida temporal, pero por tiempo indefinido, del diputado local Silvano Garay Ulloa del Partido del Trabajo (PT) de la 65 Legislatura local, ha activado de inmediato un mecanismo de relevo familiar que redibuja el escenario pol\u00edtico del distrito. La solicitud, ya en manos de la Comisi\u00f3n de Puntos Constitucionales, no solo abre [&hellip;]<\/p>\n","protected":false},"author":6,"featured_media":58985,"comment_status":"open","ping_status":"open","sticky":false,"template":"","format":"standard","meta":{"footnotes":""},"categories":[3,224,254],"tags":[],"class_list":["post-58983","post","type-post","status-publish","format-standard","has-post-thumbnail","hentry","category-8-columnas","category-congreso-del-estado-de-tlaxcala","category-partido-del-trabajo-pt"],"amp_enabled":true,"_links":{"self":[{"href":"https:\/\/labestiapolitica.com.mx\/index.php?rest_route=\/wp\/v2\/posts\/58983","targetHints":{"allow":["GET"]}}],"collection":[{"href":"https:\/\/labestiapolitica.com.mx\/index.php?rest_route=\/wp\/v2\/posts"}],"about":[{"href":"https:\/\/labestiapolitica.com.mx\/index.php?rest_route=\/wp\/v2\/types\/post"}],"author":[{"embeddable":true,"href":"https:\/\/labestiapolitica.com.mx\/index.php?rest_route=\/wp\/v2\/users\/6"}],"replies":[{"embeddable":true,"href":"https:\/\/labestiapolitica.com.mx\/index.php?rest_route=%2Fwp%2Fv2%2Fcomments&post=58983"}],"version-history":[{"count":2,"href":"https:\/\/labestiapolitica.com.mx\/index.php?rest_route=\/wp\/v2\/posts\/58983\/revisions"}],"predecessor-version":[{"id":58986,"href":"https:\/\/labestiapolitica.com.mx\/index.php?rest_route=\/wp\/v2\/posts\/58983\/revisions\/58986"}],"wp:featuredmedia":[{"embeddable":true,"href":"https:\/\/labestiapolitica.com.mx\/index.php?rest_route=\/wp\/v2\/media\/58985"}],"wp:attachment":[{"href":"https:\/\/labestiapolitica.com.mx\/index.php?rest_route=%2Fwp%2Fv2%2Fmedia&parent=58983"}],"wp:term":[{"taxonomy":"category","embeddable":true,"href":"https:\/\/labestiapolitica.com.mx\/index.php?rest_route=%2Fwp%2Fv2%2Fcategories&post=58983"},{"taxonomy":"post_tag","embeddable":true,"href":"https:\/\/labestiapolitica.com.mx\/index.php?rest_route=%2Fwp%2Fv2%2Ftags&post=58983"}],"curies":[{"name":"wp","href":"https:\/\/api.w.org\/{rel}","templated":true}]}}