{"id":58996,"date":"2026-01-21T13:39:51","date_gmt":"2026-01-21T19:39:51","guid":{"rendered":"https:\/\/labestiapolitica.com.mx\/?p=58996"},"modified":"2026-01-21T13:39:51","modified_gmt":"2026-01-21T19:39:51","slug":"%f0%9f%8c%8d%e2%9c%8d%ef%b8%8f-gobernadora-lorena-cuellar-firma-acuerdos-de-cooperacion-con-ayuntamientos-de-espana-%f0%9f%87%aa%f0%9f%87%b8%f0%9f%a4%9d","status":"publish","type":"post","link":"https:\/\/labestiapolitica.com.mx\/?p=58996","title":{"rendered":"\ud83c\udf0d\u270d\ufe0f Gobernadora Lorena Cu\u00e9llar firma acuerdos de cooperaci\u00f3n con ayuntamientos de Espa\u00f1a \ud83c\uddea\ud83c\uddf8\ud83e\udd1d"},"content":{"rendered":"<p style=\"text-align: justify;\" data-start=\"102\" data-end=\"569\">En el marco de la <span class=\"hover:entity-accent entity-underline inline cursor-pointer align-baseline\"><span class=\"whitespace-normal\">Feria Internacional de Turismo<\/span><\/span> (FITUR) 2026, la gobernadora <span class=\"hover:entity-accent entity-underline inline cursor-pointer align-baseline\"><span class=\"whitespace-normal\">Lorena Cu\u00e9llar Cisneros<\/span><\/span> firm\u00f3 acuerdos de cooperaci\u00f3n con cinco ayuntamientos de Espa\u00f1a, con el objetivo de fortalecer el intercambio cultural, el turismo comunitario y la preservaci\u00f3n de tradiciones vivas compartidas, a fin de consolidar a Tlaxcala como un referente cultural y tur\u00edstico a nivel internacional y fortalecer la diplomacia cultural con ese pa\u00eds.<\/p>\n<p style=\"text-align: justify;\" data-start=\"571\" data-end=\"1128\">Las firmas se llevaron a cabo en el Centro Expositor <span class=\"hover:entity-accent entity-underline inline cursor-pointer align-baseline\"><span class=\"whitespace-normal\">IFEMA Madrid<\/span><\/span>, dentro del Stand de Tlaxcala en el Pabell\u00f3n de M\u00e9xico, donde la mandataria estatal sign\u00f3 un memor\u00e1ndum de entendimiento con <span class=\"hover:entity-accent entity-underline inline cursor-pointer align-baseline\"><span class=\"whitespace-normal\">Ayuntamiento de La Peza<\/span><\/span>, representado por su alcalde, \u00c1lvaro Huertas Santiago. Este acuerdo tiene como prop\u00f3sito impulsar intercambios de cooperaci\u00f3n en materia de turismo, educaci\u00f3n, deporte, patrimonio cultural y medio ambiente, que contribuyan al desarrollo econ\u00f3mico, cultural y social sostenible de ambas regiones.<\/p>\n<p style=\"text-align: justify;\" data-start=\"1130\" data-end=\"1566\">Posteriormente, la gobernadora formaliz\u00f3 un acuerdo con <span class=\"hover:entity-accent entity-underline inline cursor-pointer align-baseline\"><span class=\"whitespace-normal\">Ayuntamiento de Loeches<\/span><\/span>, encabezado por el alcalde Antonio Theodori Andr\u00e9s, con el fin de intercambiar experiencias en \u00e1mbitos tur\u00edsticos, culturales, ambientales, econ\u00f3micos, sociales y urbanos, que puedan convertirse en modelos viables para su aplicaci\u00f3n en Tlaxcala y sus municipios, adem\u00e1s de sentar las bases para futuros convenios de colaboraci\u00f3n integral.<\/p>\n<p style=\"text-align: justify;\" data-start=\"1568\" data-end=\"1969\">Asimismo, Lorena Cu\u00e9llar firm\u00f3 un acuerdo de hermanamiento con <span class=\"hover:entity-accent entity-underline inline cursor-pointer align-baseline\"><span class=\"whitespace-normal\">Ayuntamiento de El Paso<\/span><\/span>, representado por el alcalde Eloy Mart\u00edn Barreto, al compartir ambas regiones la tradici\u00f3n de la elaboraci\u00f3n de alfombras como expresi\u00f3n de fe religiosa y ofrenda, una manifestaci\u00f3n de arte ef\u00edmero que incorpora elementos naturales y atrae a visitantes interesados en el patrimonio cultural vivo.<\/p>\n<p style=\"text-align: justify;\" data-start=\"1971\" data-end=\"2591\">Finalmente, la mandataria estatal suscribi\u00f3 convenios de cooperaci\u00f3n con <span class=\"hover:entity-accent entity-underline inline cursor-pointer align-baseline\"><span class=\"whitespace-normal\">Ayuntamiento de El Puente del Arzobispo<\/span><\/span>, presidido por la alcaldesa Mar\u00eda del Roc\u00edo de Castro S\u00e1nchez, y con <span class=\"hover:entity-accent entity-underline inline cursor-pointer align-baseline\"><span class=\"whitespace-normal\">Ayuntamiento de Talavera de la Reina<\/span><\/span>, encabezado por el alcalde Jos\u00e9 Juli\u00e1n Gregorio L\u00f3pez. Estos acuerdos buscan consolidar una estrategia integral de cooperaci\u00f3n cultural internacional orientada a la preservaci\u00f3n, desarrollo, promoci\u00f3n y proyecci\u00f3n global de la Talavera de Tlaxcala y la cer\u00e1mica tradicional, mediante el intercambio artesanal, art\u00edstico y cultural, as\u00ed como la realizaci\u00f3n de exposiciones y proyectos conjuntos.<\/p>\n<p style=\"text-align: justify;\" data-start=\"2593\" data-end=\"3021\" data-is-last-node=\"\" data-is-only-node=\"\">En los actos protocolarios estuvieron presentes los titulares de la <span class=\"hover:entity-accent entity-underline inline cursor-pointer align-baseline\"><span class=\"whitespace-normal\">Secretar\u00eda de Turismo de Tlaxcala<\/span><\/span>, <span class=\"hover:entity-accent entity-underline inline cursor-pointer align-baseline\"><span class=\"whitespace-normal\">Fabricio Mena Rodr\u00edguez<\/span><\/span>, y de la <span class=\"hover:entity-accent entity-underline inline cursor-pointer align-baseline\"><span class=\"whitespace-normal\">Secretar\u00eda de Cultura de Tlaxcala<\/span><\/span>, <span class=\"hover:entity-accent entity-underline inline cursor-pointer align-baseline\"><span class=\"whitespace-normal\">Karen \u00c1lvarez Villeda<\/span><\/span>, as\u00ed como autoridades de los ayuntamientos espa\u00f1oles, quienes coincidieron en que esta cooperaci\u00f3n se traduzca en proyectos de vinculaci\u00f3n y beneficio mutuo para ambas naciones.<\/p>\n<p data-start=\"2593\" data-end=\"3021\" data-is-last-node=\"\" data-is-only-node=\"\"><img loading=\"lazy\" decoding=\"async\" class=\"alignnone size-full wp-image-58998\" src=\"https:\/\/labestiapolitica.com.mx\/wp-content\/uploads\/2026\/01\/WhatsApp-Image-2026-01-21-at-12.03.37-PM-1.jpeg\" alt=\"\" width=\"1280\" height=\"720\" srcset=\"https:\/\/labestiapolitica.com.mx\/wp-content\/uploads\/2026\/01\/WhatsApp-Image-2026-01-21-at-12.03.37-PM-1.jpeg 1280w, https:\/\/labestiapolitica.com.mx\/wp-content\/uploads\/2026\/01\/WhatsApp-Image-2026-01-21-at-12.03.37-PM-1-300x169.jpeg 300w, https:\/\/labestiapolitica.com.mx\/wp-content\/uploads\/2026\/01\/WhatsApp-Image-2026-01-21-at-12.03.37-PM-1-1024x576.jpeg 1024w, https:\/\/labestiapolitica.com.mx\/wp-content\/uploads\/2026\/01\/WhatsApp-Image-2026-01-21-at-12.03.37-PM-1-768x432.jpeg 768w\" sizes=\"auto, (max-width: 1280px) 100vw, 1280px\" \/> <img loading=\"lazy\" decoding=\"async\" class=\"alignnone size-full wp-image-58999\" src=\"https:\/\/labestiapolitica.com.mx\/wp-content\/uploads\/2026\/01\/WhatsApp-Image-2026-01-21-at-12.03.37-PM-2.jpeg\" alt=\"\" width=\"1280\" height=\"720\" srcset=\"https:\/\/labestiapolitica.com.mx\/wp-content\/uploads\/2026\/01\/WhatsApp-Image-2026-01-21-at-12.03.37-PM-2.jpeg 1280w, https:\/\/labestiapolitica.com.mx\/wp-content\/uploads\/2026\/01\/WhatsApp-Image-2026-01-21-at-12.03.37-PM-2-300x169.jpeg 300w, https:\/\/labestiapolitica.com.mx\/wp-content\/uploads\/2026\/01\/WhatsApp-Image-2026-01-21-at-12.03.37-PM-2-1024x576.jpeg 1024w, https:\/\/labestiapolitica.com.mx\/wp-content\/uploads\/2026\/01\/WhatsApp-Image-2026-01-21-at-12.03.37-PM-2-768x432.jpeg 768w\" sizes=\"auto, (max-width: 1280px) 100vw, 1280px\" \/> <img loading=\"lazy\" decoding=\"async\" class=\"alignnone size-full wp-image-59000\" src=\"https:\/\/labestiapolitica.com.mx\/wp-content\/uploads\/2026\/01\/WhatsApp-Image-2026-01-21-at-12.03.37-PM-3.jpeg\" alt=\"\" width=\"1280\" height=\"719\" srcset=\"https:\/\/labestiapolitica.com.mx\/wp-content\/uploads\/2026\/01\/WhatsApp-Image-2026-01-21-at-12.03.37-PM-3.jpeg 1280w, https:\/\/labestiapolitica.com.mx\/wp-content\/uploads\/2026\/01\/WhatsApp-Image-2026-01-21-at-12.03.37-PM-3-300x169.jpeg 300w, https:\/\/labestiapolitica.com.mx\/wp-content\/uploads\/2026\/01\/WhatsApp-Image-2026-01-21-at-12.03.37-PM-3-1024x575.jpeg 1024w, https:\/\/labestiapolitica.com.mx\/wp-content\/uploads\/2026\/01\/WhatsApp-Image-2026-01-21-at-12.03.37-PM-3-768x431.jpeg 768w\" sizes=\"auto, (max-width: 1280px) 100vw, 1280px\" \/> <img loading=\"lazy\" decoding=\"async\" class=\"alignnone size-full wp-image-59001\" src=\"https:\/\/labestiapolitica.com.mx\/wp-content\/uploads\/2026\/01\/WhatsApp-Image-2026-01-21-at-12.03.38-PM-1.jpeg\" alt=\"\" width=\"1280\" height=\"720\" srcset=\"https:\/\/labestiapolitica.com.mx\/wp-content\/uploads\/2026\/01\/WhatsApp-Image-2026-01-21-at-12.03.38-PM-1.jpeg 1280w, https:\/\/labestiapolitica.com.mx\/wp-content\/uploads\/2026\/01\/WhatsApp-Image-2026-01-21-at-12.03.38-PM-1-300x169.jpeg 300w, https:\/\/labestiapolitica.com.mx\/wp-content\/uploads\/2026\/01\/WhatsApp-Image-2026-01-21-at-12.03.38-PM-1-1024x576.jpeg 1024w, https:\/\/labestiapolitica.com.mx\/wp-content\/uploads\/2026\/01\/WhatsApp-Image-2026-01-21-at-12.03.38-PM-1-768x432.jpeg 768w\" sizes=\"auto, (max-width: 1280px) 100vw, 1280px\" \/> <img loading=\"lazy\" decoding=\"async\" class=\"alignnone size-full wp-image-59002\" src=\"https:\/\/labestiapolitica.com.mx\/wp-content\/uploads\/2026\/01\/WhatsApp-Image-2026-01-21-at-12.03.38-PM.jpeg\" alt=\"\" width=\"1280\" height=\"720\" srcset=\"https:\/\/labestiapolitica.com.mx\/wp-content\/uploads\/2026\/01\/WhatsApp-Image-2026-01-21-at-12.03.38-PM.jpeg 1280w, https:\/\/labestiapolitica.com.mx\/wp-content\/uploads\/2026\/01\/WhatsApp-Image-2026-01-21-at-12.03.38-PM-300x169.jpeg 300w, https:\/\/labestiapolitica.com.mx\/wp-content\/uploads\/2026\/01\/WhatsApp-Image-2026-01-21-at-12.03.38-PM-1024x576.jpeg 1024w, https:\/\/labestiapolitica.com.mx\/wp-content\/uploads\/2026\/01\/WhatsApp-Image-2026-01-21-at-12.03.38-PM-768x432.jpeg 768w\" sizes=\"auto, (max-width: 1280px) 100vw, 1280px\" \/><\/p>\n","protected":false},"excerpt":{"rendered":"<p>En el marco de la Feria Internacional de Turismo (FITUR) 2026, la gobernadora Lorena Cu\u00e9llar Cisneros firm\u00f3 acuerdos de cooperaci\u00f3n con cinco ayuntamientos de Espa\u00f1a, con el objetivo de fortalecer el intercambio cultural, el turismo comunitario y la preservaci\u00f3n de tradiciones vivas compartidas, a fin de consolidar a Tlaxcala como un referente cultural y tur\u00edstico [&hellip;]<\/p>\n","protected":false},"author":3,"featured_media":58997,"comment_status":"open","ping_status":"open","sticky":false,"template":"","format":"standard","meta":{"footnotes":""},"categories":[236],"tags":[],"class_list":["post-58996","post","type-post","status-publish","format-standard","has-post-thumbnail","hentry","category-gobierno-de-tlaxcala"],"amp_enabled":true,"_links":{"self":[{"href":"https:\/\/labestiapolitica.com.mx\/index.php?rest_route=\/wp\/v2\/posts\/58996","targetHints":{"allow":["GET"]}}],"collection":[{"href":"https:\/\/labestiapolitica.com.mx\/index.php?rest_route=\/wp\/v2\/posts"}],"about":[{"href":"https:\/\/labestiapolitica.com.mx\/index.php?rest_route=\/wp\/v2\/types\/post"}],"author":[{"embeddable":true,"href":"https:\/\/labestiapolitica.com.mx\/index.php?rest_route=\/wp\/v2\/users\/3"}],"replies":[{"embeddable":true,"href":"https:\/\/labestiapolitica.com.mx\/index.php?rest_route=%2Fwp%2Fv2%2Fcomments&post=58996"}],"version-history":[{"count":1,"href":"https:\/\/labestiapolitica.com.mx\/index.php?rest_route=\/wp\/v2\/posts\/58996\/revisions"}],"predecessor-version":[{"id":59003,"href":"https:\/\/labestiapolitica.com.mx\/index.php?rest_route=\/wp\/v2\/posts\/58996\/revisions\/59003"}],"wp:featuredmedia":[{"embeddable":true,"href":"https:\/\/labestiapolitica.com.mx\/index.php?rest_route=\/wp\/v2\/media\/58997"}],"wp:attachment":[{"href":"https:\/\/labestiapolitica.com.mx\/index.php?rest_route=%2Fwp%2Fv2%2Fmedia&parent=58996"}],"wp:term":[{"taxonomy":"category","embeddable":true,"href":"https:\/\/labestiapolitica.com.mx\/index.php?rest_route=%2Fwp%2Fv2%2Fcategories&post=58996"},{"taxonomy":"post_tag","embeddable":true,"href":"https:\/\/labestiapolitica.com.mx\/index.php?rest_route=%2Fwp%2Fv2%2Ftags&post=58996"}],"curies":[{"name":"wp","href":"https:\/\/api.w.org\/{rel}","templated":true}]}}