{"id":59004,"date":"2026-01-21T13:42:45","date_gmt":"2026-01-21T19:42:45","guid":{"rendered":"https:\/\/labestiapolitica.com.mx\/?p=59004"},"modified":"2026-01-21T13:42:45","modified_gmt":"2026-01-21T19:42:45","slug":"%f0%9f%87%b2%f0%9f%87%bd%e2%9c%88%ef%b8%8f-participa-lorena-cuellar-en-la-inauguracion-del-pabellon-de-mexico-en-la-fitur-2026-%f0%9f%8c%8d%f0%9f%8e%89","status":"publish","type":"post","link":"https:\/\/labestiapolitica.com.mx\/?p=59004","title":{"rendered":"\ud83c\uddf2\ud83c\uddfd\u2708\ufe0f Participa Lorena Cu\u00e9llar en la inauguraci\u00f3n del Pabell\u00f3n de M\u00e9xico en la FITUR 2026 \ud83c\udf0d\ud83c\udf89"},"content":{"rendered":"<p style=\"text-align: justify;\" data-start=\"101\" data-end=\"480\">La gobernadora <span class=\"hover:entity-accent entity-underline inline cursor-pointer align-baseline\"><span class=\"whitespace-normal\">Lorena Cu\u00e9llar Cisneros<\/span><\/span> particip\u00f3 en la inauguraci\u00f3n del Pabell\u00f3n de M\u00e9xico dentro de la <span class=\"hover:entity-accent entity-underline inline cursor-pointer align-baseline\"><span class=\"whitespace-normal\">Feria Internacional de Turismo<\/span><\/span> (FITUR) 2026, acto que tuvo lugar en el Centro Expositor <span class=\"hover:entity-accent entity-underline inline cursor-pointer align-baseline\"><span class=\"whitespace-normal\">IFEMA Madrid<\/span><\/span> y que fue encabezado por la secretaria de Turismo del Gobierno de M\u00e9xico, <span class=\"hover:entity-accent entity-underline inline cursor-pointer align-baseline\"><span class=\"whitespace-normal\">Josefina Rodr\u00edguez Zamora<\/span><\/span>.<\/p>\n<p style=\"text-align: justify;\" data-start=\"482\" data-end=\"769\">Con este evento, el estado de Tlaxcala dio inicio formal a su participaci\u00f3n en una de las vitrinas tur\u00edsticas m\u00e1s importantes a nivel mundial, considerada un espacio estrat\u00e9gico para la promoci\u00f3n de destinos, tradiciones y productos tur\u00edsticos ante mercados nacionales e internacionales.<\/p>\n<p style=\"text-align: justify;\" data-start=\"771\" data-end=\"1081\">Durante su intervenci\u00f3n, la funcionaria federal destac\u00f3 que, como pa\u00eds invitado, M\u00e9xico participa en la FITUR 2026 con el pabell\u00f3n m\u00e1s grande en su historia, al reunir por primera vez a las 32 entidades federativas, reflejo de la diversidad cultural, la riqueza tur\u00edstica y la identidad que distinguen al pa\u00eds.<\/p>\n<p style=\"text-align: justify;\" data-start=\"1083\" data-end=\"1369\">La FITUR es un evento de referencia en el sector tur\u00edstico y una feria l\u00edder tanto para los mercados receptivos como emisores a nivel mundial, al consolidarse como un punto de encuentro clave para profesionales de la industria tur\u00edstica y la principal plataforma de negocios del sector.<\/p>\n<p style=\"text-align: justify;\" data-start=\"1371\" data-end=\"1636\">Asimismo, se inform\u00f3 que del 21 al 25 de enero la cultura mexicana cobrar\u00e1 vida mediante activaciones artesanales, culturales y gastron\u00f3micas, tanto dentro como fuera del recinto ferial, con el prop\u00f3sito de llevar el esp\u00edritu y la identidad de M\u00e9xico a cada rinc\u00f3n.<\/p>\n<p style=\"text-align: justify;\" data-start=\"1638\" data-end=\"1987\" data-is-last-node=\"\" data-is-only-node=\"\">En el acto inaugural estuvieron presentes el embajador de M\u00e9xico en Espa\u00f1a, <span class=\"hover:entity-accent entity-underline inline cursor-pointer align-baseline\"><span class=\"whitespace-normal\">Quirino Ordaz Coppel<\/span><\/span>, as\u00ed como gobernadoras, gobernadores y representantes de las entidades federativas, acompa\u00f1ados por sus respectivas comitivas, quienes refrendaron el compromiso de fortalecer la proyecci\u00f3n tur\u00edstica de M\u00e9xico a nivel internacional.<\/p>\n<p data-start=\"1638\" data-end=\"1987\" data-is-last-node=\"\" data-is-only-node=\"\"><img loading=\"lazy\" decoding=\"async\" class=\"alignnone size-full wp-image-59006\" src=\"https:\/\/labestiapolitica.com.mx\/wp-content\/uploads\/2026\/01\/WhatsApp-Image-1.jpeg\" alt=\"\" width=\"853\" height=\"569\" srcset=\"https:\/\/labestiapolitica.com.mx\/wp-content\/uploads\/2026\/01\/WhatsApp-Image-1.jpeg 853w, https:\/\/labestiapolitica.com.mx\/wp-content\/uploads\/2026\/01\/WhatsApp-Image-1-300x200.jpeg 300w, https:\/\/labestiapolitica.com.mx\/wp-content\/uploads\/2026\/01\/WhatsApp-Image-1-768x512.jpeg 768w\" sizes=\"auto, (max-width: 853px) 100vw, 853px\" \/><\/p>\n","protected":false},"excerpt":{"rendered":"<p>La gobernadora Lorena Cu\u00e9llar Cisneros particip\u00f3 en la inauguraci\u00f3n del Pabell\u00f3n de M\u00e9xico dentro de la Feria Internacional de Turismo (FITUR) 2026, acto que tuvo lugar en el Centro Expositor IFEMA Madrid y que fue encabezado por la secretaria de Turismo del Gobierno de M\u00e9xico, Josefina Rodr\u00edguez Zamora. Con este evento, el estado de Tlaxcala [&hellip;]<\/p>\n","protected":false},"author":3,"featured_media":59005,"comment_status":"open","ping_status":"open","sticky":false,"template":"","format":"standard","meta":{"footnotes":""},"categories":[236],"tags":[],"class_list":["post-59004","post","type-post","status-publish","format-standard","has-post-thumbnail","hentry","category-gobierno-de-tlaxcala"],"amp_enabled":true,"_links":{"self":[{"href":"https:\/\/labestiapolitica.com.mx\/index.php?rest_route=\/wp\/v2\/posts\/59004","targetHints":{"allow":["GET"]}}],"collection":[{"href":"https:\/\/labestiapolitica.com.mx\/index.php?rest_route=\/wp\/v2\/posts"}],"about":[{"href":"https:\/\/labestiapolitica.com.mx\/index.php?rest_route=\/wp\/v2\/types\/post"}],"author":[{"embeddable":true,"href":"https:\/\/labestiapolitica.com.mx\/index.php?rest_route=\/wp\/v2\/users\/3"}],"replies":[{"embeddable":true,"href":"https:\/\/labestiapolitica.com.mx\/index.php?rest_route=%2Fwp%2Fv2%2Fcomments&post=59004"}],"version-history":[{"count":1,"href":"https:\/\/labestiapolitica.com.mx\/index.php?rest_route=\/wp\/v2\/posts\/59004\/revisions"}],"predecessor-version":[{"id":59007,"href":"https:\/\/labestiapolitica.com.mx\/index.php?rest_route=\/wp\/v2\/posts\/59004\/revisions\/59007"}],"wp:featuredmedia":[{"embeddable":true,"href":"https:\/\/labestiapolitica.com.mx\/index.php?rest_route=\/wp\/v2\/media\/59005"}],"wp:attachment":[{"href":"https:\/\/labestiapolitica.com.mx\/index.php?rest_route=%2Fwp%2Fv2%2Fmedia&parent=59004"}],"wp:term":[{"taxonomy":"category","embeddable":true,"href":"https:\/\/labestiapolitica.com.mx\/index.php?rest_route=%2Fwp%2Fv2%2Fcategories&post=59004"},{"taxonomy":"post_tag","embeddable":true,"href":"https:\/\/labestiapolitica.com.mx\/index.php?rest_route=%2Fwp%2Fv2%2Ftags&post=59004"}],"curies":[{"name":"wp","href":"https:\/\/api.w.org\/{rel}","templated":true}]}}