{"id":59031,"date":"2026-01-21T15:44:29","date_gmt":"2026-01-21T21:44:29","guid":{"rendered":"https:\/\/labestiapolitica.com.mx\/?p=59031"},"modified":"2026-01-21T15:44:29","modified_gmt":"2026-01-21T21:44:29","slug":"%f0%9f%9a%8d%f0%9f%98%b7-emite-secretaria-de-movilidad-recomendaciones-sanitarias-para-el-transporte-publico","status":"publish","type":"post","link":"https:\/\/labestiapolitica.com.mx\/?p=59031","title":{"rendered":"\ud83d\ude8d\ud83d\ude37 Emite Secretar\u00eda de Movilidad recomendaciones sanitarias para el transporte p\u00fablico"},"content":{"rendered":"<p style=\"text-align: justify;\" data-start=\"100\" data-end=\"428\">La <span class=\"hover:entity-accent entity-underline inline cursor-pointer align-baseline\"><span class=\"whitespace-normal\">Secretar\u00eda de Movilidad y Transporte<\/span><\/span> (SMyT) exhort\u00f3 a personas concesionarias, operadoras y usuarias del servicio de transporte p\u00fablico, en sus distintas modalidades, a reforzar las acciones de prevenci\u00f3n en materia de salud, ante el incremento de enfermedades respiratorias propias de la temporada invernal.<\/p>\n<p style=\"text-align: justify;\" data-start=\"430\" data-end=\"777\">La dependencia destac\u00f3 que, con la llegada de los frentes fr\u00edos, las bajas temperaturas favorecen la aparici\u00f3n y complicaci\u00f3n de padecimientos respiratorios, por lo que resulta fundamental mantener medidas de cuidado dentro de las unidades, al tratarse de espacios cerrados y de uso cotidiano para un amplio sector de la poblaci\u00f3n.<\/p>\n<p style=\"text-align: justify;\" data-start=\"779\" data-end=\"1108\">Asimismo, la SMyT hizo un llamado a la ciudadan\u00eda a cumplir con los esquemas de vacunaci\u00f3n disponibles, particularmente contra sarampi\u00f3n, influenza y COVID-19, ya que estas enfermedades pueden agravarse durante la temporada invernal y generar mayores complicaciones cuando coinciden con otros problemas respiratorios.<\/p>\n<p style=\"text-align: justify;\" data-start=\"1110\" data-end=\"1484\">La dependencia explic\u00f3 que, en el transporte p\u00fablico \u2014como colectivos y taxis\u2014, el riesgo de contagio se incrementa debido a que al hablar, toser o respirar se liberan part\u00edculas microsc\u00f3picas que permanecen en el aire, especialmente cuando las unidades se mantienen cerradas por el fr\u00edo, lo que aumenta la posibilidad de transmisi\u00f3n entre las personas usuarias.<\/p>\n<p style=\"text-align: justify;\" data-start=\"1486\" data-end=\"1761\">Ante este escenario, se recomend\u00f3 el uso permanente de cubrebocas durante los traslados, as\u00ed como la aplicaci\u00f3n frecuente de gel antibacterial, a fin de disminuir el riesgo de contagios y proteger la salud tanto de usuarias y usuarios como del personal operativo.<\/p>\n<p style=\"text-align: justify;\" data-start=\"1763\" data-end=\"2123\">Finalmente, la Secretar\u00eda de Movilidad y Transporte reiter\u00f3 que estas recomendaciones tienen un car\u00e1cter preventivo y buscan salvaguardar la salud colectiva, por lo que invit\u00f3 a la poblaci\u00f3n a asumir una actitud responsable y solidaria, al se\u00f1alar que la prevenci\u00f3n es una tarea compartida entre quienes utilizan y operan el transporte p\u00fablico.<\/p>\n","protected":false},"excerpt":{"rendered":"<p>La Secretar\u00eda de Movilidad y Transporte (SMyT) exhort\u00f3 a personas concesionarias, operadoras y usuarias del servicio de transporte p\u00fablico, en sus distintas modalidades, a reforzar las acciones de prevenci\u00f3n en materia de salud, ante el incremento de enfermedades respiratorias propias de la temporada invernal. La dependencia destac\u00f3 que, con la llegada de los frentes fr\u00edos, [&hellip;]<\/p>\n","protected":false},"author":3,"featured_media":59032,"comment_status":"open","ping_status":"open","sticky":false,"template":"","format":"standard","meta":{"footnotes":""},"categories":[236],"tags":[],"class_list":["post-59031","post","type-post","status-publish","format-standard","has-post-thumbnail","hentry","category-gobierno-de-tlaxcala"],"amp_enabled":true,"_links":{"self":[{"href":"https:\/\/labestiapolitica.com.mx\/index.php?rest_route=\/wp\/v2\/posts\/59031","targetHints":{"allow":["GET"]}}],"collection":[{"href":"https:\/\/labestiapolitica.com.mx\/index.php?rest_route=\/wp\/v2\/posts"}],"about":[{"href":"https:\/\/labestiapolitica.com.mx\/index.php?rest_route=\/wp\/v2\/types\/post"}],"author":[{"embeddable":true,"href":"https:\/\/labestiapolitica.com.mx\/index.php?rest_route=\/wp\/v2\/users\/3"}],"replies":[{"embeddable":true,"href":"https:\/\/labestiapolitica.com.mx\/index.php?rest_route=%2Fwp%2Fv2%2Fcomments&post=59031"}],"version-history":[{"count":1,"href":"https:\/\/labestiapolitica.com.mx\/index.php?rest_route=\/wp\/v2\/posts\/59031\/revisions"}],"predecessor-version":[{"id":59035,"href":"https:\/\/labestiapolitica.com.mx\/index.php?rest_route=\/wp\/v2\/posts\/59031\/revisions\/59035"}],"wp:featuredmedia":[{"embeddable":true,"href":"https:\/\/labestiapolitica.com.mx\/index.php?rest_route=\/wp\/v2\/media\/59032"}],"wp:attachment":[{"href":"https:\/\/labestiapolitica.com.mx\/index.php?rest_route=%2Fwp%2Fv2%2Fmedia&parent=59031"}],"wp:term":[{"taxonomy":"category","embeddable":true,"href":"https:\/\/labestiapolitica.com.mx\/index.php?rest_route=%2Fwp%2Fv2%2Fcategories&post=59031"},{"taxonomy":"post_tag","embeddable":true,"href":"https:\/\/labestiapolitica.com.mx\/index.php?rest_route=%2Fwp%2Fv2%2Ftags&post=59031"}],"curies":[{"name":"wp","href":"https:\/\/api.w.org\/{rel}","templated":true}]}}