{"id":59058,"date":"2026-01-21T16:26:19","date_gmt":"2026-01-21T22:26:19","guid":{"rendered":"https:\/\/labestiapolitica.com.mx\/?p=59058"},"modified":"2026-01-21T16:26:19","modified_gmt":"2026-01-21T22:26:19","slug":"%f0%9f%9a%b6%e2%99%82%ef%b8%8f%f0%9f%8f%98%ef%b8%8f-con-menos-escritorio-y-mas-territorio-transformamos-la-loma-xicohtencatl-alfonso-sanchez-garcia","status":"publish","type":"post","link":"https:\/\/labestiapolitica.com.mx\/?p=59058","title":{"rendered":"\ud83d\udeb6\u200d\u2642\ufe0f\ud83c\udfd8\ufe0f Con menos escritorio y m\u00e1s territorio transformamos La Loma Xicoht\u00e9ncatl: Alfonso S\u00e1nchez Garc\u00eda"},"content":{"rendered":"<p style=\"text-align: justify;\" data-start=\"117\" data-end=\"561\">En el segundo d\u00eda de supervisi\u00f3n de la estrategia \u201cMenos escritorio y m\u00e1s territorio\u201d, el presidente municipal de <span class=\"hover:entity-accent entity-underline inline cursor-pointer align-baseline\"><span class=\"whitespace-normal\">Tlaxcala<\/span><\/span>, <span class=\"hover:entity-accent entity-underline inline cursor-pointer align-baseline\"><span class=\"whitespace-normal\">Alfonso S\u00e1nchez Garc\u00eda<\/span><\/span>, realiz\u00f3 un recorrido por la colonia La Loma Xicoht\u00e9ncatl, donde escuch\u00f3 de manera directa a vecinas y vecinos, quienes reconocieron que es la primera vez en m\u00e1s de 20 a\u00f1os que un alcalde encabeza labores de este tipo en la zona.<\/p>\n<p style=\"text-align: justify;\" data-start=\"563\" data-end=\"938\">Durante la jornada, en la Calle 6 se llevaron a cabo trabajos de deshierbe para liberar banquetas y garantizar el libre tr\u00e1nsito peatonal. Al observar la presencia de las brigadas municipales, ciudadanas y ciudadanos se sumaron voluntariamente a las labores, participando con escoba y pala en mano, como muestra del trabajo conjunto entre sociedad y gobierno.<\/p>\n<p style=\"text-align: justify;\" data-start=\"940\" data-end=\"1202\">Asimismo, en la Calle 31 se realizaron acciones de bacheo, mejorando las condiciones para el tr\u00e1nsito vehicular. En ese punto, el edil atendi\u00f3 solicitudes de alumbrado p\u00fablico e instruy\u00f3 al personal de Servicios Municipales el cambio de l\u00e1mparas.<\/p>\n<p style=\"text-align: justify;\" data-start=\"1204\" data-end=\"1583\">De igual forma, en la Calle 8, el director de Servicios P\u00fablicos y Eco Tecnolog\u00edas del municipio, <span class=\"hover:entity-accent entity-underline inline cursor-pointer align-baseline\"><span class=\"whitespace-normal\">Gabriel Lozano Montalvo<\/span><\/span>, inform\u00f3 que se efectu\u00f3 la rehabilitaci\u00f3n de luminarias, mediante el cambio de fotoceldas y la sustituci\u00f3n de l\u00e1mparas que ya no funcionaban. Los trabajos continuaron de forma simult\u00e1nea en otras zonas con brigadas adicionales.<\/p>\n<p style=\"text-align: justify;\" data-start=\"1585\" data-end=\"2145\">Vecinas y vecinos expresaron su reconocimiento a la iniciativa. Omar L\u00f3pez Zempoalt\u00e9catl se\u00f1al\u00f3: \u201cMe da gusto saber que el presidente est\u00e1 impulsando esta iniciativa y que tambi\u00e9n nosotros como vecinos nos sumemos, porque no todo le corresponde al presidente\u201d. Por su parte, Antonio \u00c1ngel Canales afirm\u00f3: \u201cEs la manera correcta de trabajar con la gente, salir a la calle, ver las necesidades y trabajar juntos\u201d. Una vecina de la Calle 31 a\u00f1adi\u00f3: \u201cTengo 20 a\u00f1os de vivir aqu\u00ed y es la primera vez que vemos esto; un aplauso para el presidente municipal\u201d.<\/p>\n<p style=\"text-align: justify;\" data-start=\"2147\" data-end=\"2381\">Durante el recorrido, Alfonso S\u00e1nchez Garc\u00eda estuvo acompa\u00f1ado por el secretario del Ayuntamiento, <span class=\"hover:entity-accent entity-underline inline cursor-pointer align-baseline\"><span class=\"whitespace-normal\">V\u00edctor Hugo Guti\u00e9rrez Morales<\/span><\/span>, as\u00ed como por el delegado de La Loma Xicoht\u00e9ncatl, <span class=\"hover:entity-accent entity-underline inline cursor-pointer align-baseline\"><span class=\"whitespace-normal\">Jacobo Ju\u00e1rez Cuapio<\/span><\/span>.<\/p>\n<p data-start=\"2147\" data-end=\"2381\">\n<p data-start=\"2147\" data-end=\"2381\"><img loading=\"lazy\" decoding=\"async\" class=\"alignnone size-full wp-image-59060\" src=\"https:\/\/labestiapolitica.com.mx\/wp-content\/uploads\/2026\/01\/WhatsApp-Image-2026-01-21-at-4.18.54-PM-2.jpeg\" alt=\"\" width=\"1280\" height=\"852\" srcset=\"https:\/\/labestiapolitica.com.mx\/wp-content\/uploads\/2026\/01\/WhatsApp-Image-2026-01-21-at-4.18.54-PM-2.jpeg 1280w, https:\/\/labestiapolitica.com.mx\/wp-content\/uploads\/2026\/01\/WhatsApp-Image-2026-01-21-at-4.18.54-PM-2-300x200.jpeg 300w, https:\/\/labestiapolitica.com.mx\/wp-content\/uploads\/2026\/01\/WhatsApp-Image-2026-01-21-at-4.18.54-PM-2-1024x682.jpeg 1024w, https:\/\/labestiapolitica.com.mx\/wp-content\/uploads\/2026\/01\/WhatsApp-Image-2026-01-21-at-4.18.54-PM-2-768x511.jpeg 768w\" sizes=\"auto, (max-width: 1280px) 100vw, 1280px\" \/> <img loading=\"lazy\" decoding=\"async\" class=\"alignnone size-full wp-image-59061\" src=\"https:\/\/labestiapolitica.com.mx\/wp-content\/uploads\/2026\/01\/WhatsApp-Image-2026-01-21-at-4.18.54-PM-1.jpeg\" alt=\"\" width=\"1280\" height=\"852\" srcset=\"https:\/\/labestiapolitica.com.mx\/wp-content\/uploads\/2026\/01\/WhatsApp-Image-2026-01-21-at-4.18.54-PM-1.jpeg 1280w, https:\/\/labestiapolitica.com.mx\/wp-content\/uploads\/2026\/01\/WhatsApp-Image-2026-01-21-at-4.18.54-PM-1-300x200.jpeg 300w, https:\/\/labestiapolitica.com.mx\/wp-content\/uploads\/2026\/01\/WhatsApp-Image-2026-01-21-at-4.18.54-PM-1-1024x682.jpeg 1024w, https:\/\/labestiapolitica.com.mx\/wp-content\/uploads\/2026\/01\/WhatsApp-Image-2026-01-21-at-4.18.54-PM-1-768x511.jpeg 768w\" sizes=\"auto, (max-width: 1280px) 100vw, 1280px\" \/> <img loading=\"lazy\" decoding=\"async\" class=\"alignnone size-full wp-image-59062\" src=\"https:\/\/labestiapolitica.com.mx\/wp-content\/uploads\/2026\/01\/WhatsApp-Image-2026-01-21-at-4.18.54-PM.jpeg\" alt=\"\" width=\"1280\" height=\"852\" srcset=\"https:\/\/labestiapolitica.com.mx\/wp-content\/uploads\/2026\/01\/WhatsApp-Image-2026-01-21-at-4.18.54-PM.jpeg 1280w, https:\/\/labestiapolitica.com.mx\/wp-content\/uploads\/2026\/01\/WhatsApp-Image-2026-01-21-at-4.18.54-PM-300x200.jpeg 300w, https:\/\/labestiapolitica.com.mx\/wp-content\/uploads\/2026\/01\/WhatsApp-Image-2026-01-21-at-4.18.54-PM-1024x682.jpeg 1024w, https:\/\/labestiapolitica.com.mx\/wp-content\/uploads\/2026\/01\/WhatsApp-Image-2026-01-21-at-4.18.54-PM-768x511.jpeg 768w\" sizes=\"auto, (max-width: 1280px) 100vw, 1280px\" \/> <img loading=\"lazy\" decoding=\"async\" class=\"alignnone size-full wp-image-59063\" src=\"https:\/\/labestiapolitica.com.mx\/wp-content\/uploads\/2026\/01\/WhatsApp-Image-2026-01-21-at-4.18.55-PM-3.jpeg\" alt=\"\" width=\"1280\" height=\"852\" srcset=\"https:\/\/labestiapolitica.com.mx\/wp-content\/uploads\/2026\/01\/WhatsApp-Image-2026-01-21-at-4.18.55-PM-3.jpeg 1280w, https:\/\/labestiapolitica.com.mx\/wp-content\/uploads\/2026\/01\/WhatsApp-Image-2026-01-21-at-4.18.55-PM-3-300x200.jpeg 300w, https:\/\/labestiapolitica.com.mx\/wp-content\/uploads\/2026\/01\/WhatsApp-Image-2026-01-21-at-4.18.55-PM-3-1024x682.jpeg 1024w, https:\/\/labestiapolitica.com.mx\/wp-content\/uploads\/2026\/01\/WhatsApp-Image-2026-01-21-at-4.18.55-PM-3-768x511.jpeg 768w\" sizes=\"auto, (max-width: 1280px) 100vw, 1280px\" \/> <img loading=\"lazy\" decoding=\"async\" class=\"alignnone size-full wp-image-59064\" src=\"https:\/\/labestiapolitica.com.mx\/wp-content\/uploads\/2026\/01\/WhatsApp-Image-2026-01-21-at-4.18.55-PM-2.jpeg\" alt=\"\" width=\"1280\" height=\"852\" srcset=\"https:\/\/labestiapolitica.com.mx\/wp-content\/uploads\/2026\/01\/WhatsApp-Image-2026-01-21-at-4.18.55-PM-2.jpeg 1280w, https:\/\/labestiapolitica.com.mx\/wp-content\/uploads\/2026\/01\/WhatsApp-Image-2026-01-21-at-4.18.55-PM-2-300x200.jpeg 300w, https:\/\/labestiapolitica.com.mx\/wp-content\/uploads\/2026\/01\/WhatsApp-Image-2026-01-21-at-4.18.55-PM-2-1024x682.jpeg 1024w, https:\/\/labestiapolitica.com.mx\/wp-content\/uploads\/2026\/01\/WhatsApp-Image-2026-01-21-at-4.18.55-PM-2-768x511.jpeg 768w\" sizes=\"auto, (max-width: 1280px) 100vw, 1280px\" \/> <img loading=\"lazy\" decoding=\"async\" class=\"alignnone size-full wp-image-59065\" src=\"https:\/\/labestiapolitica.com.mx\/wp-content\/uploads\/2026\/01\/WhatsApp-Image-2026-01-21-at-4.18.55-PM-1.jpeg\" alt=\"\" width=\"1280\" height=\"852\" srcset=\"https:\/\/labestiapolitica.com.mx\/wp-content\/uploads\/2026\/01\/WhatsApp-Image-2026-01-21-at-4.18.55-PM-1.jpeg 1280w, https:\/\/labestiapolitica.com.mx\/wp-content\/uploads\/2026\/01\/WhatsApp-Image-2026-01-21-at-4.18.55-PM-1-300x200.jpeg 300w, https:\/\/labestiapolitica.com.mx\/wp-content\/uploads\/2026\/01\/WhatsApp-Image-2026-01-21-at-4.18.55-PM-1-1024x682.jpeg 1024w, https:\/\/labestiapolitica.com.mx\/wp-content\/uploads\/2026\/01\/WhatsApp-Image-2026-01-21-at-4.18.55-PM-1-768x511.jpeg 768w\" sizes=\"auto, (max-width: 1280px) 100vw, 1280px\" \/> <img loading=\"lazy\" decoding=\"async\" class=\"alignnone size-full wp-image-59066\" src=\"https:\/\/labestiapolitica.com.mx\/wp-content\/uploads\/2026\/01\/WhatsApp-Image-2026-01-21-at-4.18.55-PM.jpeg\" alt=\"\" width=\"1280\" height=\"852\" srcset=\"https:\/\/labestiapolitica.com.mx\/wp-content\/uploads\/2026\/01\/WhatsApp-Image-2026-01-21-at-4.18.55-PM.jpeg 1280w, https:\/\/labestiapolitica.com.mx\/wp-content\/uploads\/2026\/01\/WhatsApp-Image-2026-01-21-at-4.18.55-PM-300x200.jpeg 300w, https:\/\/labestiapolitica.com.mx\/wp-content\/uploads\/2026\/01\/WhatsApp-Image-2026-01-21-at-4.18.55-PM-1024x682.jpeg 1024w, https:\/\/labestiapolitica.com.mx\/wp-content\/uploads\/2026\/01\/WhatsApp-Image-2026-01-21-at-4.18.55-PM-768x511.jpeg 768w\" sizes=\"auto, (max-width: 1280px) 100vw, 1280px\" \/> <img loading=\"lazy\" decoding=\"async\" class=\"alignnone size-full wp-image-59067\" src=\"https:\/\/labestiapolitica.com.mx\/wp-content\/uploads\/2026\/01\/WhatsApp-Image-2026-01-21-at-4.18.54-PM-4.jpeg\" alt=\"\" width=\"1280\" height=\"852\" srcset=\"https:\/\/labestiapolitica.com.mx\/wp-content\/uploads\/2026\/01\/WhatsApp-Image-2026-01-21-at-4.18.54-PM-4.jpeg 1280w, https:\/\/labestiapolitica.com.mx\/wp-content\/uploads\/2026\/01\/WhatsApp-Image-2026-01-21-at-4.18.54-PM-4-300x200.jpeg 300w, https:\/\/labestiapolitica.com.mx\/wp-content\/uploads\/2026\/01\/WhatsApp-Image-2026-01-21-at-4.18.54-PM-4-1024x682.jpeg 1024w, https:\/\/labestiapolitica.com.mx\/wp-content\/uploads\/2026\/01\/WhatsApp-Image-2026-01-21-at-4.18.54-PM-4-768x511.jpeg 768w\" sizes=\"auto, (max-width: 1280px) 100vw, 1280px\" \/><\/p>\n","protected":false},"excerpt":{"rendered":"<p>En el segundo d\u00eda de supervisi\u00f3n de la estrategia \u201cMenos escritorio y m\u00e1s territorio\u201d, el presidente municipal de Tlaxcala, Alfonso S\u00e1nchez Garc\u00eda, realiz\u00f3 un recorrido por la colonia La Loma Xicoht\u00e9ncatl, donde escuch\u00f3 de manera directa a vecinas y vecinos, quienes reconocieron que es la primera vez en m\u00e1s de 20 a\u00f1os que un alcalde [&hellip;]<\/p>\n","protected":false},"author":3,"featured_media":59059,"comment_status":"open","ping_status":"open","sticky":false,"template":"","format":"standard","meta":{"footnotes":""},"categories":[214],"tags":[],"class_list":["post-59058","post","type-post","status-publish","format-standard","has-post-thumbnail","hentry","category-tlaxcala-capital"],"amp_enabled":true,"_links":{"self":[{"href":"https:\/\/labestiapolitica.com.mx\/index.php?rest_route=\/wp\/v2\/posts\/59058","targetHints":{"allow":["GET"]}}],"collection":[{"href":"https:\/\/labestiapolitica.com.mx\/index.php?rest_route=\/wp\/v2\/posts"}],"about":[{"href":"https:\/\/labestiapolitica.com.mx\/index.php?rest_route=\/wp\/v2\/types\/post"}],"author":[{"embeddable":true,"href":"https:\/\/labestiapolitica.com.mx\/index.php?rest_route=\/wp\/v2\/users\/3"}],"replies":[{"embeddable":true,"href":"https:\/\/labestiapolitica.com.mx\/index.php?rest_route=%2Fwp%2Fv2%2Fcomments&post=59058"}],"version-history":[{"count":1,"href":"https:\/\/labestiapolitica.com.mx\/index.php?rest_route=\/wp\/v2\/posts\/59058\/revisions"}],"predecessor-version":[{"id":59068,"href":"https:\/\/labestiapolitica.com.mx\/index.php?rest_route=\/wp\/v2\/posts\/59058\/revisions\/59068"}],"wp:featuredmedia":[{"embeddable":true,"href":"https:\/\/labestiapolitica.com.mx\/index.php?rest_route=\/wp\/v2\/media\/59059"}],"wp:attachment":[{"href":"https:\/\/labestiapolitica.com.mx\/index.php?rest_route=%2Fwp%2Fv2%2Fmedia&parent=59058"}],"wp:term":[{"taxonomy":"category","embeddable":true,"href":"https:\/\/labestiapolitica.com.mx\/index.php?rest_route=%2Fwp%2Fv2%2Fcategories&post=59058"},{"taxonomy":"post_tag","embeddable":true,"href":"https:\/\/labestiapolitica.com.mx\/index.php?rest_route=%2Fwp%2Fv2%2Ftags&post=59058"}],"curies":[{"name":"wp","href":"https:\/\/api.w.org\/{rel}","templated":true}]}}