{"id":59086,"date":"2026-01-21T17:49:51","date_gmt":"2026-01-21T23:49:51","guid":{"rendered":"https:\/\/labestiapolitica.com.mx\/?p=59086"},"modified":"2026-01-21T17:49:51","modified_gmt":"2026-01-21T23:49:51","slug":"participan-diputadas-en-foro-para-erradicar-la-discriminacion-laboral-por-embarazo-y-maternidad","status":"publish","type":"post","link":"https:\/\/labestiapolitica.com.mx\/?p=59086","title":{"rendered":"Participan diputadas en foro para erradicar la discriminaci\u00f3n laboral por embarazo y maternidad."},"content":{"rendered":"<ul>\n<li style=\"font-weight: 400; text-align: justify;\"><em>Se concluy\u00f3 que este tipo de pr\u00e1ctica es tambi\u00e9n una forma de violencia contra las mujeres y va en contra de las hijas o hijos por nacer.<\/em><\/li>\n<\/ul>\n<p style=\"font-weight: 400; text-align: justify;\">Con el reconocimiento de que es una forma de violencia contra las mujeres en perjuicio de su Derecho a la Maternidad y nocivo para los hijos e hijas por nacer, se llev\u00f3 a cabo el foro \u201cDi\u00e1logo sobre Discriminaci\u00f3n Laboral por Embarazo: Experiencias y retos en el estado de Tlaxcala\u201d.<\/p>\n<p style=\"font-weight: 400; text-align: justify;\">Organizado por la diputada local Maribel Le\u00f3n Cruz, Early Institute y Mujeres en Consenso, se lleg\u00f3 a la conclusi\u00f3n de que este fen\u00f3meno es una problem\u00e1tica com\u00fan que por diversas implicaciones es tambi\u00e9n una forma de violencia contra las mujeres en materia de igualdad y no discriminaci\u00f3n.<\/p>\n<p style=\"font-weight: 400; text-align: justify;\">Durante los trabajos del foro, las participantes destacaron que la Discriminaci\u00f3n Laboral por Embarazo (DLE) es un problema estructural que vulnera el bienestar de las mujeres trabajadoras y de sus hijas e hijos y que adem\u00e1s trasciende el \u00e1mbito laboral, al afectar la salud f\u00edsica y mental de las mujeres, su estabilidad econ\u00f3mica y el desarrollo de la primera infancia.<\/p>\n<p style=\"font-weight: 400; text-align: justify;\">Coincidieron en la necesidad de que haya una respuesta integral desde el \u00e1mbito legislativo y de la definici\u00f3n de pol\u00edticas p\u00fablicas, a fin de que se visibilice la DLE, la prioridad que significa fortalecer la protecci\u00f3n integral del embarazo y la maternidad en los espacios laborales y sensibilizar a los medios de comunicaci\u00f3n.<\/p>\n<p style=\"font-weight: 400; text-align: justify;\">En el di\u00e1logo participaron las diputadas Maribel Le\u00f3n Cruz, Miriam Esmeralda Mart\u00ednez S\u00e1nchez y Lorena Ruiz Garc\u00eda, presidenta de la Comisi\u00f3n de Igualdad de G\u00e9nero y contra la Trata de Personas; as\u00ed como la Dra. Jakqueline Ord\u00f3\u00f1ez Brasdefer, presidenta de la Comisi\u00f3n Estatal de Derechos Humanos de Tlaxcala, Valeria Gonz\u00e1lez Ruiz, coordinadora de Vinculaci\u00f3n e Incidencia en Pol\u00edticas P\u00fablicas de Early Institute y Coral Avila Casco, presidenta de Mujeres en Consenso.<\/p>\n<p style=\"font-weight: 400; text-align: justify;\">A este evento asistieron el diputado David Mart\u00ednez del Razo, presidente de la Mesa Directiva del Congreso del Estado, as\u00ed como la diputada Maribel Cervantes Hern\u00e1ndez, el secretario de Desarrollo Econ\u00f3mico, Javier Marroqu\u00edn Calder\u00f3n, la titular de la Unidad de G\u00e9nero de la Fiscal\u00eda General de Justicia del Estado (FGJE), Alma Carina Cuevas Fern\u00e1ndez, los consejeros consultivos de la Comisi\u00f3n Estatal de Derechos Humanos, Fernando George Zecua y Jes\u00fas Rivera Pantoja, el director general del Instituto de Capacitaci\u00f3n\u00a0\u00a0para el Trabajo del Estado de Tlaxcala, Juan Javier Potrero Tizamitl, el director de Normatividad Laboral\u00a0\u00a0de la Secretar\u00eda de Trabajo y Competitividad, Ren\u00e9 Nava Cuatecontzi del Estado de Tlaxcala, as\u00ed como activistas y comunidad educativa de Nantli Instituto Tlaxcalteca de Posgrados.<\/p>\n<p style=\"font-weight: 400; text-align: justify;\">Con base en las conclusiones del foro, la diputada Maribel Le\u00f3n Cruz anunci\u00f3 la presentaci\u00f3n de la iniciativa que reforma y adiciona el C\u00f3digo Penal para el Estado Libre y Soberano de Tlaxcala, la Ley que Garantiza el Acceso a las Mujeres a una Vida Libre de Violencia en el Estado de Tlaxcala y la Ley para Prevenir y Erradicar la Discriminaci\u00f3n en el Estado de Tlaxcala.<\/p>\n<p style=\"font-weight: 400; text-align: justify;\">Asegur\u00f3 que el objetivo de la iniciativa es reconocer de manera expresa que Discriminaci\u00f3n Laboral por embarazo y Maternidad es una pr\u00e1ctica prohibida, fortalecer la protecci\u00f3n de los derechos laborales de las mujeres y establecer obligaciones claras para las autoridades en materia de prevenci\u00f3n y erradicaci\u00f3n de esta forma de violencia a su dignidad humana, por lo que convoc\u00f3 a un esfuerzo coordinado para defender la maternidad como parte esencial de los derechos humanos.<\/p>\n","protected":false},"excerpt":{"rendered":"<p>Se concluy\u00f3 que este tipo de pr\u00e1ctica es tambi\u00e9n una forma de violencia contra las mujeres y va en contra de las hijas o hijos por nacer. Con el reconocimiento de que es una forma de violencia contra las mujeres en perjuicio de su Derecho a la Maternidad y nocivo para los hijos e hijas [&hellip;]<\/p>\n","protected":false},"author":5,"featured_media":59087,"comment_status":"open","ping_status":"open","sticky":false,"template":"","format":"standard","meta":{"footnotes":""},"categories":[224],"tags":[],"class_list":["post-59086","post","type-post","status-publish","format-standard","has-post-thumbnail","hentry","category-congreso-del-estado-de-tlaxcala"],"amp_enabled":true,"_links":{"self":[{"href":"https:\/\/labestiapolitica.com.mx\/index.php?rest_route=\/wp\/v2\/posts\/59086","targetHints":{"allow":["GET"]}}],"collection":[{"href":"https:\/\/labestiapolitica.com.mx\/index.php?rest_route=\/wp\/v2\/posts"}],"about":[{"href":"https:\/\/labestiapolitica.com.mx\/index.php?rest_route=\/wp\/v2\/types\/post"}],"author":[{"embeddable":true,"href":"https:\/\/labestiapolitica.com.mx\/index.php?rest_route=\/wp\/v2\/users\/5"}],"replies":[{"embeddable":true,"href":"https:\/\/labestiapolitica.com.mx\/index.php?rest_route=%2Fwp%2Fv2%2Fcomments&post=59086"}],"version-history":[{"count":1,"href":"https:\/\/labestiapolitica.com.mx\/index.php?rest_route=\/wp\/v2\/posts\/59086\/revisions"}],"predecessor-version":[{"id":59088,"href":"https:\/\/labestiapolitica.com.mx\/index.php?rest_route=\/wp\/v2\/posts\/59086\/revisions\/59088"}],"wp:featuredmedia":[{"embeddable":true,"href":"https:\/\/labestiapolitica.com.mx\/index.php?rest_route=\/wp\/v2\/media\/59087"}],"wp:attachment":[{"href":"https:\/\/labestiapolitica.com.mx\/index.php?rest_route=%2Fwp%2Fv2%2Fmedia&parent=59086"}],"wp:term":[{"taxonomy":"category","embeddable":true,"href":"https:\/\/labestiapolitica.com.mx\/index.php?rest_route=%2Fwp%2Fv2%2Fcategories&post=59086"},{"taxonomy":"post_tag","embeddable":true,"href":"https:\/\/labestiapolitica.com.mx\/index.php?rest_route=%2Fwp%2Fv2%2Ftags&post=59086"}],"curies":[{"name":"wp","href":"https:\/\/api.w.org\/{rel}","templated":true}]}}