{"id":59090,"date":"2026-01-22T07:00:42","date_gmt":"2026-01-22T13:00:42","guid":{"rendered":"https:\/\/labestiapolitica.com.mx\/?p=59090"},"modified":"2026-01-22T07:47:20","modified_gmt":"2026-01-22T13:47:20","slug":"desde-2018-madre-tlaxcalteca-busca-a-su-hijo-desaparecido-en-contla","status":"publish","type":"post","link":"https:\/\/labestiapolitica.com.mx\/?p=59090","title":{"rendered":"Desde 2018, Madre tlaxcalteca busca a su hijo desaparecido en Contla"},"content":{"rendered":"<p style=\"text-align: justify;\">Mariana LOVERA\/\/ Desde el 1 de junio de 2018, Gloria Mar\u00eda Montes P\u00e9rez vive con la incertidumbre y el dolor de no saber qu\u00e9 ocurri\u00f3 con su hijo, Ronaldo Minor Montes, quien desapareci\u00f3 mientras realizaba actividades laborales en el municipio de Contla, Tlaxcala.<\/p>\n<p style=\"text-align: justify;\">De acuerdo con su testimonio, Ronaldo ten\u00eda 20 a\u00f1os cuando fue visto por \u00faltima vez. Trabajaba en una poller\u00eda y ese d\u00eda sali\u00f3 a cobrar un pedido; sin embargo, nunca regres\u00f3. La desaparici\u00f3n ocurri\u00f3 en horario laboral y, desde entonces, no se ha tenido informaci\u00f3n clara sobre su paradero.<\/p>\n<p style=\"text-align: justify;\">La madre relat\u00f3 que, tras la desaparici\u00f3n, la familia acudi\u00f3 a levantar la denuncia correspondiente ante la Fiscal\u00eda. No obstante, a casi ocho a\u00f1os de los hechos, asegura que no ha existido ning\u00fan avance real en la investigaci\u00f3n. Se\u00f1al\u00f3 que, cada vez que acude a las autoridades, \u00fanicamente recibe evasivas y promesas de que la carpeta ser\u00e1 revisada nuevamente, sin resultados concretos.<\/p>\n<p style=\"text-align: justify;\">Ronaldo desapareci\u00f3 junto con el veh\u00edculo que conduc\u00eda, una camioneta, la cual fue localizada ese mismo d\u00eda en el corral\u00f3n. Para su madre, lo material es irrelevante frente a la ausencia de su hijo. \u201cUn ser humano no se reemplaza\u201d, dijo.<\/p>\n<p style=\"text-align: justify;\">La se\u00f1ora Gloria describi\u00f3 a Ronaldo \u00a0como un joven alegre, trabajador, aficionado al f\u00fatbol y sin conflictos aparentes. Estaba casado y ten\u00eda un hijo peque\u00f1o, quien hoy tiene 10 a\u00f1os. Adem\u00e1s del dolor por no saber qu\u00e9 ocurri\u00f3 con su hijo, enfrenta tambi\u00e9n la distancia con su nieto, a quien ya no ve desde hace un a\u00f1o.<\/p>\n<p style=\"text-align: justify;\">Durante la entrevista, hizo un llamado directo a las autoridades estatales, en particular a la gobernadora Lorena Cu\u00e9llar Cisneros y a la fiscal general Ernestina Carro Rold\u00e1n, para que atiendan su caso con sensibilidad y le informen, al menos, si existe alg\u00fan avance en la investigaci\u00f3n.<\/p>\n<p style=\"text-align: justify;\">\u201cLo \u00fanico que quiero es saber algo de mi hijo, lo que sea, para tener un poco de paz\u201d, expres\u00f3. A pesar del paso del tiempo, mantiene la esperanza de que Rolando siga con vida y que alg\u00fan d\u00eda regrese a casa.<\/p>\n<p style=\"text-align: justify;\">Su testimonio refleja el drama que enfrentan muchas madres en Tlaxcala y en el pa\u00eds, quienes viven atrapadas en la incertidumbre ante la falta de respuestas y justicia en casos de desaparici\u00f3n.<\/p>\n<p>&nbsp;<\/p>\n","protected":false},"excerpt":{"rendered":"<p>Mariana LOVERA\/\/ Desde el 1 de junio de 2018, Gloria Mar\u00eda Montes P\u00e9rez vive con la incertidumbre y el dolor de no saber qu\u00e9 ocurri\u00f3 con su hijo, Ronaldo Minor Montes, quien desapareci\u00f3 mientras realizaba actividades laborales en el municipio de Contla, Tlaxcala. De acuerdo con su testimonio, Ronaldo ten\u00eda 20 a\u00f1os cuando fue visto [&hellip;]<\/p>\n","protected":false},"author":6,"featured_media":59091,"comment_status":"open","ping_status":"open","sticky":false,"template":"","format":"standard","meta":{"footnotes":""},"categories":[3,7],"tags":[],"class_list":["post-59090","post","type-post","status-publish","format-standard","has-post-thumbnail","hentry","category-8-columnas","category-ciudadanos"],"amp_enabled":true,"_links":{"self":[{"href":"https:\/\/labestiapolitica.com.mx\/index.php?rest_route=\/wp\/v2\/posts\/59090","targetHints":{"allow":["GET"]}}],"collection":[{"href":"https:\/\/labestiapolitica.com.mx\/index.php?rest_route=\/wp\/v2\/posts"}],"about":[{"href":"https:\/\/labestiapolitica.com.mx\/index.php?rest_route=\/wp\/v2\/types\/post"}],"author":[{"embeddable":true,"href":"https:\/\/labestiapolitica.com.mx\/index.php?rest_route=\/wp\/v2\/users\/6"}],"replies":[{"embeddable":true,"href":"https:\/\/labestiapolitica.com.mx\/index.php?rest_route=%2Fwp%2Fv2%2Fcomments&post=59090"}],"version-history":[{"count":6,"href":"https:\/\/labestiapolitica.com.mx\/index.php?rest_route=\/wp\/v2\/posts\/59090\/revisions"}],"predecessor-version":[{"id":59125,"href":"https:\/\/labestiapolitica.com.mx\/index.php?rest_route=\/wp\/v2\/posts\/59090\/revisions\/59125"}],"wp:featuredmedia":[{"embeddable":true,"href":"https:\/\/labestiapolitica.com.mx\/index.php?rest_route=\/wp\/v2\/media\/59091"}],"wp:attachment":[{"href":"https:\/\/labestiapolitica.com.mx\/index.php?rest_route=%2Fwp%2Fv2%2Fmedia&parent=59090"}],"wp:term":[{"taxonomy":"category","embeddable":true,"href":"https:\/\/labestiapolitica.com.mx\/index.php?rest_route=%2Fwp%2Fv2%2Fcategories&post=59090"},{"taxonomy":"post_tag","embeddable":true,"href":"https:\/\/labestiapolitica.com.mx\/index.php?rest_route=%2Fwp%2Fv2%2Ftags&post=59090"}],"curies":[{"name":"wp","href":"https:\/\/api.w.org\/{rel}","templated":true}]}}