{"id":59105,"date":"2026-01-21T20:06:36","date_gmt":"2026-01-22T02:06:36","guid":{"rendered":"https:\/\/labestiapolitica.com.mx\/?p=59105"},"modified":"2026-01-21T20:06:36","modified_gmt":"2026-01-22T02:06:36","slug":"tlaxcala-abre-cursos-artesanales-2026-para-preservar-oficios-tradicionalesy-fortalecer-su-patrimonio-cultural","status":"publish","type":"post","link":"https:\/\/labestiapolitica.com.mx\/?p=59105","title":{"rendered":"Tlaxcala abre cursos artesanales 2026 para preservar oficios tradicionalesy fortalecer su patrimonio cultural."},"content":{"rendered":"<ul>\n<li style=\"text-align: justify;\">La Casa de las Artesan\u00edas lanz\u00f3 la convocatoria para seis cursos gratuitos de formaci\u00f3n en t\u00e9cnicas artesanales, dirigidos a poblaci\u00f3n interesada en fortalecer y preservar el patrimonio cultural del estado_<\/li>\n<\/ul>\n<p style=\"text-align: justify;\">La Casa de las Artesan\u00edas de Tlaxcala (CAT) emiti\u00f3 la convocatoria 2026 para participar en seis cursos de capacitaci\u00f3n artesanal, una estrategia orientada a fortalecer los saberes tradicionales, impulsar el talento local y garantizar la transmisi\u00f3n intergeneracional de t\u00e9cnicas que forman parte de la identidad cultural del estado.<\/p>\n<p style=\"text-align: justify;\">La oferta formativa incluye los cursos en barro bru\u00f1ido, bordado en chaquira, deshilado, cartoner\u00eda y alebrijes, madera tallada, as\u00ed como bordado pepenado, este \u00faltimo con sede en el municipio de Ixtenco.<\/p>\n<p style=\"text-align: justify;\">Las capacitaciones est\u00e1n abiertas al p\u00fablico en general que cumpla con los requisitos establecidos y tenga inter\u00e9s en profesionalizarse o iniciar su formaci\u00f3n en estas disciplinas artesanales.<\/p>\n<p style=\"text-align: justify;\">El registro para los cursos de barro bru\u00f1ido, bordado en chaquira, deshilado, cartoner\u00eda y alebrijes, y madera tallada se realizar\u00e1 en la Casa de las Artesan\u00edas de Tlaxcala, en un horario de 8:00 a 14:00 horas, mientras que el registro para el curso de bordado pepenado se llevar\u00e1 a cabo en la Presidencia Municipal de Ixtenco, de 16:00 a 19:00 horas. En ambos casos, el periodo de inscripci\u00f3n ser\u00e1 del 19 de enero al 6 de febrero.<\/p>\n<p style=\"text-align: justify;\">Como requisitos, las personas interesadas deber\u00e1n presentar dos copias de la credencial del INE con domicilio en Tlaxcala, dos copias de la CURP certificada y actualizada, y en el caso de menores de edad, dos copias de la credencial de estudiante. Quienes cuenten con INE de otra entidad, deber\u00e1n anexar carta de radicaci\u00f3n expedida por el municipio donde residen.<\/p>\n<p style=\"text-align: justify;\">Con esta convocatoria, la CAT refuerza su compromiso con el desarrollo cultural y econ\u00f3mico de las comunidades artesanas, al tiempo que abre espacios de formaci\u00f3n accesibles para preservar t\u00e9cnicas que dan identidad, historia y valor social a Tlaxcala.<\/p>\n","protected":false},"excerpt":{"rendered":"<p>La Casa de las Artesan\u00edas lanz\u00f3 la convocatoria para seis cursos gratuitos de formaci\u00f3n en t\u00e9cnicas artesanales, dirigidos a poblaci\u00f3n interesada en fortalecer y preservar el patrimonio cultural del estado_ La Casa de las Artesan\u00edas de Tlaxcala (CAT) emiti\u00f3 la convocatoria 2026 para participar en seis cursos de capacitaci\u00f3n artesanal, una estrategia orientada a fortalecer [&hellip;]<\/p>\n","protected":false},"author":5,"featured_media":59106,"comment_status":"open","ping_status":"open","sticky":false,"template":"","format":"standard","meta":{"footnotes":""},"categories":[236],"tags":[],"class_list":["post-59105","post","type-post","status-publish","format-standard","has-post-thumbnail","hentry","category-gobierno-de-tlaxcala"],"amp_enabled":true,"_links":{"self":[{"href":"https:\/\/labestiapolitica.com.mx\/index.php?rest_route=\/wp\/v2\/posts\/59105","targetHints":{"allow":["GET"]}}],"collection":[{"href":"https:\/\/labestiapolitica.com.mx\/index.php?rest_route=\/wp\/v2\/posts"}],"about":[{"href":"https:\/\/labestiapolitica.com.mx\/index.php?rest_route=\/wp\/v2\/types\/post"}],"author":[{"embeddable":true,"href":"https:\/\/labestiapolitica.com.mx\/index.php?rest_route=\/wp\/v2\/users\/5"}],"replies":[{"embeddable":true,"href":"https:\/\/labestiapolitica.com.mx\/index.php?rest_route=%2Fwp%2Fv2%2Fcomments&post=59105"}],"version-history":[{"count":1,"href":"https:\/\/labestiapolitica.com.mx\/index.php?rest_route=\/wp\/v2\/posts\/59105\/revisions"}],"predecessor-version":[{"id":59107,"href":"https:\/\/labestiapolitica.com.mx\/index.php?rest_route=\/wp\/v2\/posts\/59105\/revisions\/59107"}],"wp:featuredmedia":[{"embeddable":true,"href":"https:\/\/labestiapolitica.com.mx\/index.php?rest_route=\/wp\/v2\/media\/59106"}],"wp:attachment":[{"href":"https:\/\/labestiapolitica.com.mx\/index.php?rest_route=%2Fwp%2Fv2%2Fmedia&parent=59105"}],"wp:term":[{"taxonomy":"category","embeddable":true,"href":"https:\/\/labestiapolitica.com.mx\/index.php?rest_route=%2Fwp%2Fv2%2Fcategories&post=59105"},{"taxonomy":"post_tag","embeddable":true,"href":"https:\/\/labestiapolitica.com.mx\/index.php?rest_route=%2Fwp%2Fv2%2Ftags&post=59105"}],"curies":[{"name":"wp","href":"https:\/\/api.w.org\/{rel}","templated":true}]}}