{"id":59120,"date":"2026-01-22T07:30:03","date_gmt":"2026-01-22T13:30:03","guid":{"rendered":"https:\/\/labestiapolitica.com.mx\/?p=59120"},"modified":"2026-01-21T22:47:18","modified_gmt":"2026-01-22T04:47:18","slug":"vacios-en-acciones-afirmativas-dan-pie-a-suplantacion-comunidad-lgb","status":"publish","type":"post","link":"https:\/\/labestiapolitica.com.mx\/?p=59120","title":{"rendered":"Vac\u00edos en acciones afirmativas dan pie a suplantaci\u00f3n: comunidad LGBT+"},"content":{"rendered":"<blockquote><p>Se\u00f1alan que la autoadscripci\u00f3n sin verificaci\u00f3n abre la puerta a fraudes y revictimizaci\u00f3n<\/p><\/blockquote>\n<p style=\"text-align: justify;\">Ana S\u00e1nchez \/\/ La implementaci\u00f3n de acciones afirmativas para garantizar la participaci\u00f3n pol\u00edtica de la comunidad LGBT+ en Tlaxcala enfrenta cr\u00edticas por sus \u00abreglas de autodescripci\u00f3n tan endebles\u00bb, que se denunciaron p\u00fablicamente, y\u00a0 que permiten fraudes, suplantaci\u00f3n de candidaturas y una revictimizaci\u00f3n de las personas a las que buscan proteger.<\/p>\n<p style=\"text-align: justify;\">Durante un foro de an\u00e1lisis realizado por el Instituto Tlaxcalteca de Elecciones, se se\u00f1al\u00f3 que la falta de mecanismos de verificaci\u00f3n claros ha derivado en casos donde personas son registradas bajo una identidad de g\u00e9nero con la que no se identifican, provocando linchamientos p\u00fablicos y da\u00f1ando su reputaci\u00f3n.<\/p>\n<p style=\"text-align: justify;\">\u00abLas personas que vivimos esto todos los d\u00edas tenemos que seguir aguantando un criterio heteronormado por instituciones heteronormadas, donde nosotros quedamos al margen justamente por una interpretaci\u00f3n que ahorita est\u00e1 escrito en piedra en los tribunales\u00bb, expuso un participante.<\/p>\n<p style=\"text-align: justify;\">Se hizo un llamado a que las autoridades contin\u00faen cuestionando estos criterios y que los colectivos sigan presentando demandas. \u00abAs\u00ed pierdan una y otra vez, hay que seguir haciendo este tipo de demandas porque solo as\u00ed vamos a hacer ese cambio de criterio que nos permite avanzar\u00bb.<\/p>\n<p style=\"text-align: justify;\">Se subray\u00f3 que el objetivo de estas acciones debe ser la representaci\u00f3n y visibilizaci\u00f3n reales. \u00abLa acci\u00f3n afirmativa debe buscar representar, debe buscar visibilizar, debe buscar que los grupos sean efectivamente&#8230; que se trabaje efectivamente por sus intereses\u00bb, se afirm\u00f3.<\/p>\n<p style=\"text-align: justify;\">La magistrada del Tribunal Electoral de Tlaxcala, Claudia Salvador \u00c1ngel, record\u00f3 que el camino de estas acciones afirmativas se consolid\u00f3 en 2021, pero inici\u00f3 con un acuerdo del Instituto Estatal de Participaci\u00f3n Ciudadana de Oaxaca en 2017-2018, el cual permiti\u00f3, por primera vez, que personas transg\u00e9nero, transexuales e intersexuales se registraran bajo el g\u00e9nero al que se autoadscriben.<\/p>\n<p style=\"text-align: justify;\">El debate evidencia la urgente necesidad de refinar los mecanismos de las acciones afirmativas, pasando de un marco bienintencionado pero d\u00e9bil, a uno con reglas claras, verificables y que protejan realmente la dignidad y los derechos de la comunidad LGBT+ en la contienda pol\u00edtica.<\/p>\n","protected":false},"excerpt":{"rendered":"<p>Se\u00f1alan que la autoadscripci\u00f3n sin verificaci\u00f3n abre la puerta a fraudes y revictimizaci\u00f3n Ana S\u00e1nchez \/\/ La implementaci\u00f3n de acciones afirmativas para garantizar la participaci\u00f3n pol\u00edtica de la comunidad LGBT+ en Tlaxcala enfrenta cr\u00edticas por sus \u00abreglas de autodescripci\u00f3n tan endebles\u00bb, que se denunciaron p\u00fablicamente, y\u00a0 que permiten fraudes, suplantaci\u00f3n de candidaturas y una revictimizaci\u00f3n [&hellip;]<\/p>\n","protected":false},"author":3,"featured_media":59121,"comment_status":"open","ping_status":"open","sticky":false,"template":"","format":"standard","meta":{"footnotes":""},"categories":[3,7],"tags":[],"class_list":["post-59120","post","type-post","status-publish","format-standard","has-post-thumbnail","hentry","category-8-columnas","category-ciudadanos"],"amp_enabled":true,"_links":{"self":[{"href":"https:\/\/labestiapolitica.com.mx\/index.php?rest_route=\/wp\/v2\/posts\/59120","targetHints":{"allow":["GET"]}}],"collection":[{"href":"https:\/\/labestiapolitica.com.mx\/index.php?rest_route=\/wp\/v2\/posts"}],"about":[{"href":"https:\/\/labestiapolitica.com.mx\/index.php?rest_route=\/wp\/v2\/types\/post"}],"author":[{"embeddable":true,"href":"https:\/\/labestiapolitica.com.mx\/index.php?rest_route=\/wp\/v2\/users\/3"}],"replies":[{"embeddable":true,"href":"https:\/\/labestiapolitica.com.mx\/index.php?rest_route=%2Fwp%2Fv2%2Fcomments&post=59120"}],"version-history":[{"count":2,"href":"https:\/\/labestiapolitica.com.mx\/index.php?rest_route=\/wp\/v2\/posts\/59120\/revisions"}],"predecessor-version":[{"id":59123,"href":"https:\/\/labestiapolitica.com.mx\/index.php?rest_route=\/wp\/v2\/posts\/59120\/revisions\/59123"}],"wp:featuredmedia":[{"embeddable":true,"href":"https:\/\/labestiapolitica.com.mx\/index.php?rest_route=\/wp\/v2\/media\/59121"}],"wp:attachment":[{"href":"https:\/\/labestiapolitica.com.mx\/index.php?rest_route=%2Fwp%2Fv2%2Fmedia&parent=59120"}],"wp:term":[{"taxonomy":"category","embeddable":true,"href":"https:\/\/labestiapolitica.com.mx\/index.php?rest_route=%2Fwp%2Fv2%2Fcategories&post=59120"},{"taxonomy":"post_tag","embeddable":true,"href":"https:\/\/labestiapolitica.com.mx\/index.php?rest_route=%2Fwp%2Fv2%2Ftags&post=59120"}],"curies":[{"name":"wp","href":"https:\/\/api.w.org\/{rel}","templated":true}]}}