{"id":59137,"date":"2026-01-22T09:52:47","date_gmt":"2026-01-22T15:52:47","guid":{"rendered":"https:\/\/labestiapolitica.com.mx\/?p=59137"},"modified":"2026-01-22T09:52:47","modified_gmt":"2026-01-22T15:52:47","slug":"%e2%9a%99%ef%b8%8f%f0%9f%93%91-inicia-en-tlaxcala-implementacion-de-la-ley-nacional-para-eliminar-tramites-burocraticos","status":"publish","type":"post","link":"https:\/\/labestiapolitica.com.mx\/?p=59137","title":{"rendered":"\u2699\ufe0f\ud83d\udcd1 Inicia en Tlaxcala implementaci\u00f3n de la Ley Nacional para Eliminar Tr\u00e1mites Burocr\u00e1ticos"},"content":{"rendered":"<p style=\"text-align: justify;\" data-start=\"105\" data-end=\"489\">Con el objetivo de simplificar procesos administrativos y reducir la carga burocr\u00e1tica para la ciudadan\u00eda, la <span class=\"hover:entity-accent entity-underline inline cursor-pointer align-baseline\"><span class=\"whitespace-normal\">Secretar\u00eda de Desarrollo Econ\u00f3mico<\/span><\/span> llev\u00f3 a cabo la Primera Mesa de Trabajo para la Implementaci\u00f3n de la Ley Nacional para Eliminar Tr\u00e1mites Burocr\u00e1ticos, marcando el arranque formal de esta estrategia en el estado de <span class=\"hover:entity-accent entity-underline inline cursor-pointer align-baseline\"><span class=\"whitespace-normal\">Tlaxcala<\/span><\/span>.<\/p>\n<p style=\"text-align: justify;\" data-start=\"491\" data-end=\"1041\">Durante la sesi\u00f3n, el titular de la Sedeco, <span class=\"hover:entity-accent entity-underline inline cursor-pointer align-baseline\"><span class=\"whitespace-normal\">Javier Marroqu\u00edn Calder\u00f3n<\/span><\/span>, subray\u00f3 que las dependencias estatales son sujetos obligados de esta ley y destac\u00f3 la importancia de mantener un trabajo coordinado entre instituciones. Precis\u00f3 que la instrucci\u00f3n de la gobernadora <span class=\"hover:entity-accent entity-underline inline cursor-pointer align-baseline\"><span class=\"whitespace-normal\">Lorena Cu\u00e9llar Cisneros<\/span><\/span> es participar con plena disposici\u00f3n para que la implementaci\u00f3n tenga un impacto directo en beneficio de la poblaci\u00f3n, ofreciendo desde la Sedeco acompa\u00f1amiento y seguimiento personalizado a las dependencias.<\/p>\n<p style=\"text-align: justify;\" data-start=\"1043\" data-end=\"1429\">En esta primera mesa participaron titulares de dependencias estatales, presidentas y presidentes municipales, as\u00ed como enlaces de mejora regulatoria de los distintos \u00f3rdenes de gobierno, quienes coincidieron en la necesidad de revisar, simplificar y homologar tr\u00e1mites y servicios, con una visi\u00f3n centrada en las personas y en la eficiencia del servicio p\u00fablico.<\/p>\n<p style=\"text-align: justify;\" data-start=\"1431\" data-end=\"1841\">Por su parte, el comisionado estatal de Mejora Regulatoria, <span class=\"hover:entity-accent entity-underline inline cursor-pointer align-baseline\"><span class=\"whitespace-normal\">Julio C\u00e9sar Portilla Caballero<\/span><\/span>, present\u00f3 un diagn\u00f3stico que dimensiona el reto administrativo: una persona realiza en promedio 486 tr\u00e1mites a lo largo de su vida; a nivel federal existen cerca de 7 mil tr\u00e1mites; el promedio estatal es de 523, mientras que en Tlaxcala se contabilizan 463 tr\u00e1mites estatales y 417 servicios.<\/p>\n<p style=\"text-align: justify;\" data-start=\"1843\" data-end=\"2276\">Portilla Caballero precis\u00f3 que solo 15% de los tr\u00e1mites son federales y 85% corresponden a los \u00e1mbitos estatal y municipal, lo que refuerza la relevancia de la coordinaci\u00f3n local. Record\u00f3 que la reforma constitucional de 2025 estableci\u00f3 la simplificaci\u00f3n, digitalizaci\u00f3n y buenas pr\u00e1cticas regulatorias como obligaci\u00f3n, y subray\u00f3 que los documentos digitales tienen la misma validez legal que los f\u00edsicos.<\/p>\n<p style=\"text-align: justify;\" data-start=\"2278\" data-end=\"2556\">La mesa de trabajo tiene como meta avanzar en la homologaci\u00f3n de procesos administrativos mediante la simplificaci\u00f3n y digitalizaci\u00f3n, para facilitar el acceso a derechos, el cumplimiento de obligaciones y una relaci\u00f3n m\u00e1s \u00e1gil y cercana entre gobierno y ciudadan\u00eda.<\/p>\n<p style=\"text-align: justify;\" data-start=\"2558\" data-end=\"2808\">Con este ejercicio de coordinaci\u00f3n institucional, el Gobierno del Estado reafirma su compromiso de impulsar una administraci\u00f3n moderna, con mayor certeza jur\u00eddica, mejores servicios y una vida m\u00e1s sencilla para las y los tlaxcaltecas.<\/p>\n<p data-start=\"2558\" data-end=\"2808\">\n<p data-start=\"2558\" data-end=\"2808\"><img loading=\"lazy\" decoding=\"async\" class=\"alignnone size-full wp-image-59139\" src=\"https:\/\/labestiapolitica.com.mx\/wp-content\/uploads\/2026\/01\/WhatsApp-Image-2026-01-22-at-9.08.25-AM-3.jpeg\" alt=\"\" width=\"1600\" height=\"1066\" srcset=\"https:\/\/labestiapolitica.com.mx\/wp-content\/uploads\/2026\/01\/WhatsApp-Image-2026-01-22-at-9.08.25-AM-3.jpeg 1600w, https:\/\/labestiapolitica.com.mx\/wp-content\/uploads\/2026\/01\/WhatsApp-Image-2026-01-22-at-9.08.25-AM-3-300x200.jpeg 300w, https:\/\/labestiapolitica.com.mx\/wp-content\/uploads\/2026\/01\/WhatsApp-Image-2026-01-22-at-9.08.25-AM-3-1024x682.jpeg 1024w, https:\/\/labestiapolitica.com.mx\/wp-content\/uploads\/2026\/01\/WhatsApp-Image-2026-01-22-at-9.08.25-AM-3-768x512.jpeg 768w, https:\/\/labestiapolitica.com.mx\/wp-content\/uploads\/2026\/01\/WhatsApp-Image-2026-01-22-at-9.08.25-AM-3-1536x1023.jpeg 1536w\" sizes=\"auto, (max-width: 1600px) 100vw, 1600px\" \/> <img loading=\"lazy\" decoding=\"async\" class=\"alignnone size-full wp-image-59140\" src=\"https:\/\/labestiapolitica.com.mx\/wp-content\/uploads\/2026\/01\/WhatsApp-Image-2026-01-22-at-9.08.25-AM-1.jpeg\" alt=\"\" width=\"1600\" height=\"1113\" srcset=\"https:\/\/labestiapolitica.com.mx\/wp-content\/uploads\/2026\/01\/WhatsApp-Image-2026-01-22-at-9.08.25-AM-1.jpeg 1600w, https:\/\/labestiapolitica.com.mx\/wp-content\/uploads\/2026\/01\/WhatsApp-Image-2026-01-22-at-9.08.25-AM-1-300x209.jpeg 300w, https:\/\/labestiapolitica.com.mx\/wp-content\/uploads\/2026\/01\/WhatsApp-Image-2026-01-22-at-9.08.25-AM-1-1024x712.jpeg 1024w, https:\/\/labestiapolitica.com.mx\/wp-content\/uploads\/2026\/01\/WhatsApp-Image-2026-01-22-at-9.08.25-AM-1-768x534.jpeg 768w, https:\/\/labestiapolitica.com.mx\/wp-content\/uploads\/2026\/01\/WhatsApp-Image-2026-01-22-at-9.08.25-AM-1-1536x1068.jpeg 1536w\" sizes=\"auto, (max-width: 1600px) 100vw, 1600px\" \/> <img loading=\"lazy\" decoding=\"async\" class=\"alignnone size-full wp-image-59141\" src=\"https:\/\/labestiapolitica.com.mx\/wp-content\/uploads\/2026\/01\/WhatsApp-Image-2026-01-22-at-9.08.25-AM.jpeg\" alt=\"\" width=\"1280\" height=\"718\" srcset=\"https:\/\/labestiapolitica.com.mx\/wp-content\/uploads\/2026\/01\/WhatsApp-Image-2026-01-22-at-9.08.25-AM.jpeg 1280w, https:\/\/labestiapolitica.com.mx\/wp-content\/uploads\/2026\/01\/WhatsApp-Image-2026-01-22-at-9.08.25-AM-300x168.jpeg 300w, https:\/\/labestiapolitica.com.mx\/wp-content\/uploads\/2026\/01\/WhatsApp-Image-2026-01-22-at-9.08.25-AM-1024x574.jpeg 1024w, https:\/\/labestiapolitica.com.mx\/wp-content\/uploads\/2026\/01\/WhatsApp-Image-2026-01-22-at-9.08.25-AM-768x431.jpeg 768w\" sizes=\"auto, (max-width: 1280px) 100vw, 1280px\" \/><\/p>\n","protected":false},"excerpt":{"rendered":"<p>Con el objetivo de simplificar procesos administrativos y reducir la carga burocr\u00e1tica para la ciudadan\u00eda, la Secretar\u00eda de Desarrollo Econ\u00f3mico llev\u00f3 a cabo la Primera Mesa de Trabajo para la Implementaci\u00f3n de la Ley Nacional para Eliminar Tr\u00e1mites Burocr\u00e1ticos, marcando el arranque formal de esta estrategia en el estado de Tlaxcala. Durante la sesi\u00f3n, el [&hellip;]<\/p>\n","protected":false},"author":3,"featured_media":59138,"comment_status":"open","ping_status":"open","sticky":false,"template":"","format":"standard","meta":{"footnotes":""},"categories":[236],"tags":[],"class_list":["post-59137","post","type-post","status-publish","format-standard","has-post-thumbnail","hentry","category-gobierno-de-tlaxcala"],"amp_enabled":true,"_links":{"self":[{"href":"https:\/\/labestiapolitica.com.mx\/index.php?rest_route=\/wp\/v2\/posts\/59137","targetHints":{"allow":["GET"]}}],"collection":[{"href":"https:\/\/labestiapolitica.com.mx\/index.php?rest_route=\/wp\/v2\/posts"}],"about":[{"href":"https:\/\/labestiapolitica.com.mx\/index.php?rest_route=\/wp\/v2\/types\/post"}],"author":[{"embeddable":true,"href":"https:\/\/labestiapolitica.com.mx\/index.php?rest_route=\/wp\/v2\/users\/3"}],"replies":[{"embeddable":true,"href":"https:\/\/labestiapolitica.com.mx\/index.php?rest_route=%2Fwp%2Fv2%2Fcomments&post=59137"}],"version-history":[{"count":1,"href":"https:\/\/labestiapolitica.com.mx\/index.php?rest_route=\/wp\/v2\/posts\/59137\/revisions"}],"predecessor-version":[{"id":59142,"href":"https:\/\/labestiapolitica.com.mx\/index.php?rest_route=\/wp\/v2\/posts\/59137\/revisions\/59142"}],"wp:featuredmedia":[{"embeddable":true,"href":"https:\/\/labestiapolitica.com.mx\/index.php?rest_route=\/wp\/v2\/media\/59138"}],"wp:attachment":[{"href":"https:\/\/labestiapolitica.com.mx\/index.php?rest_route=%2Fwp%2Fv2%2Fmedia&parent=59137"}],"wp:term":[{"taxonomy":"category","embeddable":true,"href":"https:\/\/labestiapolitica.com.mx\/index.php?rest_route=%2Fwp%2Fv2%2Fcategories&post=59137"},{"taxonomy":"post_tag","embeddable":true,"href":"https:\/\/labestiapolitica.com.mx\/index.php?rest_route=%2Fwp%2Fv2%2Ftags&post=59137"}],"curies":[{"name":"wp","href":"https:\/\/api.w.org\/{rel}","templated":true}]}}