{"id":59151,"date":"2026-01-22T10:37:08","date_gmt":"2026-01-22T16:37:08","guid":{"rendered":"https:\/\/labestiapolitica.com.mx\/?p=59151"},"modified":"2026-01-22T14:08:05","modified_gmt":"2026-01-22T20:08:05","slug":"nuevo-vocal-ejecutivo-del-ine-tlaxcala-llega-en-marzo-viene-de-nayarit","status":"publish","type":"post","link":"https:\/\/labestiapolitica.com.mx\/?p=59151","title":{"rendered":"Nuevo vocal ejecutivo del INE Tlaxcala llega en marzo , viene de Nayarit"},"content":{"rendered":"<p style=\"text-align: justify;\">Mariana LOVERA\/\/ El Instituto Nacional Electoral (INE) design\u00f3 a Eduardo Manuel Trujillo Trujillo como nuevo Vocal Ejecutivo de la Junta Local en Tlaxcala, en sustituci\u00f3n de J. Jes\u00fas Lule Ortega, quien se jubil\u00f3 tras 33 a\u00f1os de servicio.<\/p>\n<p style=\"text-align: justify;\">Trujillo Trujillo, quien actualmente ocupa el mismo cargo en el estado de Nayarit, tomar\u00e1 posesi\u00f3n el pr\u00f3ximo 1 de marzo, una vez que se complete el proceso de entrega-recepci\u00f3n. La decisi\u00f3n fue ratificada por la Junta General Electoral del INE.<\/p>\n<p style=\"text-align: justify;\">Lule Ortega solicit\u00f3 su retiro voluntario a finales de noviembre del a\u00f1o pasado. Durante su gesti\u00f3n al frente de la oficina en Tlaxcala, coordin\u00f3 la Consulta Infantil y Juvenil y el primer proceso de elecci\u00f3n de integrantes del Poder Judicial en la entidad.<\/p>\n<p style=\"text-align: justify;\">Entre la salida de Lule Ortega y la llegada del nuevo titular, la Junta Local Ejecutiva del INE en Tlaxcala fue dirigida de manera interina por Mirna Eugenia Gardu\u00f1o Ruiz, para garantizar la continuidad de los trabajos.<\/p>\n<p style=\"text-align: justify;\">Con este cambio, Eduardo Trujillo asumir\u00e1 la responsabilidad de conducir el pr\u00f3ximo Proceso Electoral Local Ordinario, en el que se renovar\u00e1 la Gubernatura, las diputaciones locales y las presidencias municipales de Tlaxcala.<\/p>\n<p><img loading=\"lazy\" decoding=\"async\" class=\"alignnone size-full wp-image-59145\" src=\"https:\/\/labestiapolitica.com.mx\/wp-content\/uploads\/2026\/01\/WhatsApp-Image-2025-09-09-at-1.53.55-PM-5.jpeg\" alt=\"\" width=\"940\" height=\"788\" srcset=\"https:\/\/labestiapolitica.com.mx\/wp-content\/uploads\/2026\/01\/WhatsApp-Image-2025-09-09-at-1.53.55-PM-5.jpeg 940w, https:\/\/labestiapolitica.com.mx\/wp-content\/uploads\/2026\/01\/WhatsApp-Image-2025-09-09-at-1.53.55-PM-5-300x251.jpeg 300w, https:\/\/labestiapolitica.com.mx\/wp-content\/uploads\/2026\/01\/WhatsApp-Image-2025-09-09-at-1.53.55-PM-5-768x644.jpeg 768w\" sizes=\"auto, (max-width: 940px) 100vw, 940px\" \/><\/p>\n","protected":false},"excerpt":{"rendered":"<p>Mariana LOVERA\/\/ El Instituto Nacional Electoral (INE) design\u00f3 a Eduardo Manuel Trujillo Trujillo como nuevo Vocal Ejecutivo de la Junta Local en Tlaxcala, en sustituci\u00f3n de J. Jes\u00fas Lule Ortega, quien se jubil\u00f3 tras 33 a\u00f1os de servicio. Trujillo Trujillo, quien actualmente ocupa el mismo cargo en el estado de Nayarit, tomar\u00e1 posesi\u00f3n el pr\u00f3ximo [&hellip;]<\/p>\n","protected":false},"author":6,"featured_media":59152,"comment_status":"open","ping_status":"open","sticky":false,"template":"","format":"standard","meta":{"footnotes":""},"categories":[3,7],"tags":[],"class_list":["post-59151","post","type-post","status-publish","format-standard","has-post-thumbnail","hentry","category-8-columnas","category-ciudadanos"],"amp_enabled":true,"_links":{"self":[{"href":"https:\/\/labestiapolitica.com.mx\/index.php?rest_route=\/wp\/v2\/posts\/59151","targetHints":{"allow":["GET"]}}],"collection":[{"href":"https:\/\/labestiapolitica.com.mx\/index.php?rest_route=\/wp\/v2\/posts"}],"about":[{"href":"https:\/\/labestiapolitica.com.mx\/index.php?rest_route=\/wp\/v2\/types\/post"}],"author":[{"embeddable":true,"href":"https:\/\/labestiapolitica.com.mx\/index.php?rest_route=\/wp\/v2\/users\/6"}],"replies":[{"embeddable":true,"href":"https:\/\/labestiapolitica.com.mx\/index.php?rest_route=%2Fwp%2Fv2%2Fcomments&post=59151"}],"version-history":[{"count":1,"href":"https:\/\/labestiapolitica.com.mx\/index.php?rest_route=\/wp\/v2\/posts\/59151\/revisions"}],"predecessor-version":[{"id":59153,"href":"https:\/\/labestiapolitica.com.mx\/index.php?rest_route=\/wp\/v2\/posts\/59151\/revisions\/59153"}],"wp:featuredmedia":[{"embeddable":true,"href":"https:\/\/labestiapolitica.com.mx\/index.php?rest_route=\/wp\/v2\/media\/59152"}],"wp:attachment":[{"href":"https:\/\/labestiapolitica.com.mx\/index.php?rest_route=%2Fwp%2Fv2%2Fmedia&parent=59151"}],"wp:term":[{"taxonomy":"category","embeddable":true,"href":"https:\/\/labestiapolitica.com.mx\/index.php?rest_route=%2Fwp%2Fv2%2Fcategories&post=59151"},{"taxonomy":"post_tag","embeddable":true,"href":"https:\/\/labestiapolitica.com.mx\/index.php?rest_route=%2Fwp%2Fv2%2Ftags&post=59151"}],"curies":[{"name":"wp","href":"https:\/\/api.w.org\/{rel}","templated":true}]}}