{"id":59154,"date":"2026-01-22T10:40:37","date_gmt":"2026-01-22T16:40:37","guid":{"rendered":"https:\/\/labestiapolitica.com.mx\/?p=59154"},"modified":"2026-01-22T10:40:37","modified_gmt":"2026-01-22T16:40:37","slug":"enfermedades-del-corazon-principal-causa-de-muerte-en-tlaxcala-inegi","status":"publish","type":"post","link":"https:\/\/labestiapolitica.com.mx\/?p=59154","title":{"rendered":"Enfermedades del coraz\u00f3n, principal causa de muerte en Tlaxcala: INEGI"},"content":{"rendered":"<p>*Diabetes mellitus y los tumores malignos la segunda y tercera causa de fallecimiento<\/p>\n<p>Ana S\u00e1nchez \/\/ De acuerdo con el Reporte Preliminar de las Estad\u00edsticas de Defunciones Registradas (EDR) del Instituto Nacional de Estad\u00edstica y Geograf\u00eda (INEGI), correspondiente al primer semestre de 2025, 824 personas fallecieron en Tlaxcala a causa de enfermedades del coraz\u00f3n, fue as\u00ed la primera causa de muerte en la entidad.<\/p>\n<p>Los datos, publicados este d\u00eda, revelan que 654 personas murieron por diabetes mellitus y 429 por tumores malignos, ocupando el segundo y tercer lugar, respectivamente, en la estad\u00edstica estatal.<\/p>\n<p>La cuarta y quinta causas principales de muerte en Tlaxcala durante ese periodo fueron los accidentes, con 233 defunciones, y las enfermedades del h\u00edgado, con 187 casos.<\/p>\n<p>El desglose por sexo muestra patrones diferenciados:<\/p>\n<p>En mujeres: Las tres principales causas coinciden con el total estatal: 1) Enfermedades del coraz\u00f3n (386), 2) Diabetes mellitus (353), 3) Tumores malignos (214). La cuarta causa fueron las enfermedades cerebrovasculares (69) y la quinta, las enfermedades pulmonares obstructivas cr\u00f3nicas (63).<\/p>\n<p>En hombres: El orden var\u00eda ligeramente: 1) Enfermedades del coraz\u00f3n (438), 2) Diabetes mellitus (301), 3) Tumores malignos (215). La cuarta y quinta posici\u00f3n la ocuparon los accidentes (179) y las enfermedades del h\u00edgado (137), respectivamente.<\/p>\n<p>Cabe destacar que, a nivel nacional, las defunciones por COVID-19 (325 casos) dejaron de figurar entre las primeras 20 causas de muerte para este periodo, reflejando una disminuci\u00f3n significativa en su impacto en la mortalidad general.<\/p>\n<p>Estas cifras preliminares, ser\u00e1n consolidadas en la estad\u00edstica definitiva a publicarse en noviembre de 2026.<\/p>\n<p><img loading=\"lazy\" decoding=\"async\" class=\"alignnone size-full wp-image-59145\" src=\"https:\/\/labestiapolitica.com.mx\/wp-content\/uploads\/2026\/01\/WhatsApp-Image-2025-09-09-at-1.53.55-PM-5.jpeg\" alt=\"\" width=\"940\" height=\"788\" srcset=\"https:\/\/labestiapolitica.com.mx\/wp-content\/uploads\/2026\/01\/WhatsApp-Image-2025-09-09-at-1.53.55-PM-5.jpeg 940w, https:\/\/labestiapolitica.com.mx\/wp-content\/uploads\/2026\/01\/WhatsApp-Image-2025-09-09-at-1.53.55-PM-5-300x251.jpeg 300w, https:\/\/labestiapolitica.com.mx\/wp-content\/uploads\/2026\/01\/WhatsApp-Image-2025-09-09-at-1.53.55-PM-5-768x644.jpeg 768w\" sizes=\"auto, (max-width: 940px) 100vw, 940px\" \/><\/p>\n","protected":false},"excerpt":{"rendered":"<p>*Diabetes mellitus y los tumores malignos la segunda y tercera causa de fallecimiento Ana S\u00e1nchez \/\/ De acuerdo con el Reporte Preliminar de las Estad\u00edsticas de Defunciones Registradas (EDR) del Instituto Nacional de Estad\u00edstica y Geograf\u00eda (INEGI), correspondiente al primer semestre de 2025, 824 personas fallecieron en Tlaxcala a causa de enfermedades del coraz\u00f3n, fue [&hellip;]<\/p>\n","protected":false},"author":3,"featured_media":59155,"comment_status":"open","ping_status":"open","sticky":false,"template":"","format":"standard","meta":{"footnotes":""},"categories":[12,7],"tags":[],"class_list":["post-59154","post","type-post","status-publish","format-standard","has-post-thumbnail","hentry","category-brujula-2026","category-ciudadanos"],"amp_enabled":true,"_links":{"self":[{"href":"https:\/\/labestiapolitica.com.mx\/index.php?rest_route=\/wp\/v2\/posts\/59154","targetHints":{"allow":["GET"]}}],"collection":[{"href":"https:\/\/labestiapolitica.com.mx\/index.php?rest_route=\/wp\/v2\/posts"}],"about":[{"href":"https:\/\/labestiapolitica.com.mx\/index.php?rest_route=\/wp\/v2\/types\/post"}],"author":[{"embeddable":true,"href":"https:\/\/labestiapolitica.com.mx\/index.php?rest_route=\/wp\/v2\/users\/3"}],"replies":[{"embeddable":true,"href":"https:\/\/labestiapolitica.com.mx\/index.php?rest_route=%2Fwp%2Fv2%2Fcomments&post=59154"}],"version-history":[{"count":1,"href":"https:\/\/labestiapolitica.com.mx\/index.php?rest_route=\/wp\/v2\/posts\/59154\/revisions"}],"predecessor-version":[{"id":59156,"href":"https:\/\/labestiapolitica.com.mx\/index.php?rest_route=\/wp\/v2\/posts\/59154\/revisions\/59156"}],"wp:featuredmedia":[{"embeddable":true,"href":"https:\/\/labestiapolitica.com.mx\/index.php?rest_route=\/wp\/v2\/media\/59155"}],"wp:attachment":[{"href":"https:\/\/labestiapolitica.com.mx\/index.php?rest_route=%2Fwp%2Fv2%2Fmedia&parent=59154"}],"wp:term":[{"taxonomy":"category","embeddable":true,"href":"https:\/\/labestiapolitica.com.mx\/index.php?rest_route=%2Fwp%2Fv2%2Fcategories&post=59154"},{"taxonomy":"post_tag","embeddable":true,"href":"https:\/\/labestiapolitica.com.mx\/index.php?rest_route=%2Fwp%2Fv2%2Ftags&post=59154"}],"curies":[{"name":"wp","href":"https:\/\/api.w.org\/{rel}","templated":true}]}}