{"id":59158,"date":"2026-01-22T10:46:42","date_gmt":"2026-01-22T16:46:42","guid":{"rendered":"https:\/\/labestiapolitica.com.mx\/?p=59158"},"modified":"2026-01-22T11:04:55","modified_gmt":"2026-01-22T17:04:55","slug":"%e2%9c%a8%f0%9f%91%a9%e2%9a%96%ef%b8%8finauguran-primer-parlamento-estatal-de-mujeres-jovenes-con-miras-a-foro-nacional","status":"publish","type":"post","link":"https:\/\/labestiapolitica.com.mx\/?p=59158","title":{"rendered":"\u2728\ud83d\udc69\u200d\u2696\ufe0fInauguran Primer Parlamento Estatal de Mujeres J\u00f3venes, con miras a foro nacional"},"content":{"rendered":"<p>*La diputada Sandra Aguilar Vega reiter\u00f3 su apoyo a las nuevas generaciones<\/p>\n<p style=\"text-align: justify;\">Ana S\u00e1nchez \/\/ El Teatro Xicoht\u00e9ncatl fue sede del Primer Parlamento Estatal de Mujeres J\u00f3venes, un espacio dise\u00f1ado para fomentar el di\u00e1logo, el debate y la formaci\u00f3n de nuevas lideresas en la entidad, con el objetivo de incentivar el pensamiento cr\u00edtico y la responsabilidad social entre las j\u00f3venes.<\/p>\n<p style=\"text-align: justify;\">Durante la ceremonia, la diputada local del PRI, Sandra Aguilar Vega, dirigi\u00f3 un mensaje a las participantes, enfatizando el valor de su compromiso y la importancia de su participaci\u00f3n en la vida p\u00fablica, \u201cestoy convencida de que esta experiencia marcar\u00e1 un antes y un despu\u00e9s en su camino, no solo en la pol\u00edtica, sino en su desarrollo personal y profesional\u201d, afirm\u00f3 la legisladora.<\/p>\n<p style=\"text-align: justify;\">En su discurso, Aguilar Vega reconoci\u00f3 la labor de la Red Mundial de J\u00f3venes Pol\u00edticos Tlaxcala, organizaci\u00f3n impulsora del evento, y asegur\u00f3 haber gestionado \u201ccon mucho gusto\u201d el espacio en el Congreso local para sus capacitaciones, pues considera necesario que cuenten con un lugar digno para sus actividades.<\/p>\n<p style=\"text-align: justify;\">\u201cComo diputada local y como su amiga, les reitero mi apoyo. Sepan que en el Congreso del Estado tienen las puertas abiertas\u201d, expres\u00f3, al tiempo que las inst\u00f3 a honrar la lucha de las mujeres que les abrieron camino y a asumir el compromiso de \u201cseguir avanzando\u201d y \u201casegurarnos de que ninguna mujer se quede atr\u00e1s\u201d.<\/p>\n<p style=\"text-align: justify;\">Por su parte, representantes de la Red Mundial de J\u00f3venes Pol\u00edticos Tlaxcala explicaron que este parlamento, que funcionar\u00e1 mediante una simulaci\u00f3n legislativa, busca fortalecer valores como la legalidad, la democracia, la perspectiva de g\u00e9nero, los derechos humanos, el liderazgo, el debate informado y la cultura c\u00edvica.<\/p>\n<p style=\"text-align: justify;\">Las 10 propuestas m\u00e1s s\u00f3lidas y de mayor impacto que surjan de este Parlamento Estatal ser\u00e1n seleccionadas para representar a Tlaxcala en la segunda edici\u00f3n del Parlamento Nacional de Mujeres J\u00f3venes, el cual se desarrollar\u00e1 los d\u00edas 7 y 8 de marzo en la sede del Congreso de la Uni\u00f3n, en la Ciudad de M\u00e9xico.<\/p>\n<p style=\"text-align: justify;\">Con este proyecto, se busca no solo capacitar y empoderar a las j\u00f3venes tlaxcaltecas, sino tambi\u00e9n proyectar sus voces e iniciativas a nivel nacional, contribuyendo a la construcci\u00f3n de una sociedad m\u00e1s participativa e igualitaria.<\/p>\n<p>&nbsp;<\/p>\n","protected":false},"excerpt":{"rendered":"<p>*La diputada Sandra Aguilar Vega reiter\u00f3 su apoyo a las nuevas generaciones Ana S\u00e1nchez \/\/ El Teatro Xicoht\u00e9ncatl fue sede del Primer Parlamento Estatal de Mujeres J\u00f3venes, un espacio dise\u00f1ado para fomentar el di\u00e1logo, el debate y la formaci\u00f3n de nuevas lideresas en la entidad, con el objetivo de incentivar el pensamiento cr\u00edtico y la [&hellip;]<\/p>\n","protected":false},"author":3,"featured_media":59159,"comment_status":"open","ping_status":"open","sticky":false,"template":"","format":"standard","meta":{"footnotes":""},"categories":[224],"tags":[],"class_list":["post-59158","post","type-post","status-publish","format-standard","has-post-thumbnail","hentry","category-congreso-del-estado-de-tlaxcala"],"amp_enabled":true,"_links":{"self":[{"href":"https:\/\/labestiapolitica.com.mx\/index.php?rest_route=\/wp\/v2\/posts\/59158","targetHints":{"allow":["GET"]}}],"collection":[{"href":"https:\/\/labestiapolitica.com.mx\/index.php?rest_route=\/wp\/v2\/posts"}],"about":[{"href":"https:\/\/labestiapolitica.com.mx\/index.php?rest_route=\/wp\/v2\/types\/post"}],"author":[{"embeddable":true,"href":"https:\/\/labestiapolitica.com.mx\/index.php?rest_route=\/wp\/v2\/users\/3"}],"replies":[{"embeddable":true,"href":"https:\/\/labestiapolitica.com.mx\/index.php?rest_route=%2Fwp%2Fv2%2Fcomments&post=59158"}],"version-history":[{"count":2,"href":"https:\/\/labestiapolitica.com.mx\/index.php?rest_route=\/wp\/v2\/posts\/59158\/revisions"}],"predecessor-version":[{"id":59164,"href":"https:\/\/labestiapolitica.com.mx\/index.php?rest_route=\/wp\/v2\/posts\/59158\/revisions\/59164"}],"wp:featuredmedia":[{"embeddable":true,"href":"https:\/\/labestiapolitica.com.mx\/index.php?rest_route=\/wp\/v2\/media\/59159"}],"wp:attachment":[{"href":"https:\/\/labestiapolitica.com.mx\/index.php?rest_route=%2Fwp%2Fv2%2Fmedia&parent=59158"}],"wp:term":[{"taxonomy":"category","embeddable":true,"href":"https:\/\/labestiapolitica.com.mx\/index.php?rest_route=%2Fwp%2Fv2%2Fcategories&post=59158"},{"taxonomy":"post_tag","embeddable":true,"href":"https:\/\/labestiapolitica.com.mx\/index.php?rest_route=%2Fwp%2Fv2%2Ftags&post=59158"}],"curies":[{"name":"wp","href":"https:\/\/api.w.org\/{rel}","templated":true}]}}