{"id":59161,"date":"2026-01-22T10:54:30","date_gmt":"2026-01-22T16:54:30","guid":{"rendered":"https:\/\/labestiapolitica.com.mx\/?p=59161"},"modified":"2026-01-22T10:54:30","modified_gmt":"2026-01-22T16:54:30","slug":"%f0%9f%8c%8d%e2%9c%88%ef%b8%8f-lorena-cuellar-participa-en-la-inauguracion-de-la-fitur-2026-junto-a-autoridades-federales-%f0%9f%87%b2%f0%9f%87%bd%f0%9f%a4%9d","status":"publish","type":"post","link":"https:\/\/labestiapolitica.com.mx\/?p=59161","title":{"rendered":"\ud83c\udf0d\u2708\ufe0f Lorena Cu\u00e9llar participa en la inauguraci\u00f3n de la FITUR 2026 junto a autoridades federales \ud83c\uddf2\ud83c\uddfd\ud83e\udd1d"},"content":{"rendered":"<p style=\"text-align: justify;\" data-start=\"108\" data-end=\"484\">La gobernadora de Tlaxcala, <span class=\"hover:entity-accent entity-underline inline cursor-pointer align-baseline\"><span class=\"whitespace-normal\">Lorena Cu\u00e9llar Cisneros<\/span><\/span>, acompa\u00f1\u00f3 a la secretaria de Turismo del Gobierno de M\u00e9xico, <span class=\"hover:entity-accent entity-underline inline cursor-pointer align-baseline\"><span class=\"whitespace-normal\">Josefina Rodr\u00edguez Zamora<\/span><\/span>, durante la inauguraci\u00f3n oficial de la <span class=\"hover:entity-accent entity-underline inline cursor-pointer align-baseline\"><span class=\"whitespace-normal\">Feria Internacional de Turismo<\/span><\/span> (FITUR) 2026, en la que M\u00e9xico participa como Pa\u00eds Invitado y, por primera vez, con representantes de Pueblos Originarios.<\/p>\n<p style=\"text-align: justify;\" data-start=\"486\" data-end=\"714\">El acto inaugural cont\u00f3 con la presencia discreta de Sus Majestades los Reyes de Espa\u00f1a, debido al luto oficial de tres d\u00edas decretado en ese pa\u00eds por el fallecimiento de decenas de personas en recientes accidentes ferroviarios.<\/p>\n<p style=\"text-align: justify;\" data-start=\"716\" data-end=\"1037\">Durante el evento, la funcionaria federal destac\u00f3 la relevancia de visibilizar a los Pueblos Originarios de M\u00e9xico como embajadores del turismo comunitario en una de las ferias tur\u00edsticas m\u00e1s influyentes del mundo hispanohablante, lo que representa un precedente en la proyecci\u00f3n tur\u00edstica, cultural y econ\u00f3mica del pa\u00eds.<\/p>\n<p style=\"text-align: justify;\" data-start=\"1039\" data-end=\"1478\">\u201cVemos c\u00f3mo Espa\u00f1a vive su turismo desde las comunidades, y esa es la visi\u00f3n del turismo en el gobierno de la presidenta <span class=\"hover:entity-accent entity-underline inline cursor-pointer align-baseline\"><span class=\"whitespace-normal\">Claudia Sheinbaum Pardo<\/span><\/span>: generar prosperidad para las comunidades. Hoy, los Pueblos Originarios son una prioridad. M\u00e9xico brilla, y hoy brilla m\u00e1s que nunca por sus pueblos, por sus artesan\u00edas y por sus tradiciones\u201d, expres\u00f3 la titular de la Secretar\u00eda de Turismo (Sectur) en entrevistas posteriores.<\/p>\n<p style=\"text-align: justify;\" data-start=\"1480\" data-end=\"1863\">Rodr\u00edguez Zamora afirm\u00f3 que la FITUR 2026 marca el inicio de un a\u00f1o hist\u00f3rico para el turismo nacional, caracterizado por una proyecci\u00f3n internacional in\u00e9dita, una agenda de cooperaci\u00f3n internacional fortalecida y el posicionamiento estrat\u00e9gico de los destinos mexicanos en los mercados tur\u00edsticos m\u00e1s din\u00e1micos del mundo, lo que se traducir\u00e1 en mayor inversi\u00f3n y promoci\u00f3n cultural.<\/p>\n<p style=\"text-align: justify;\" data-start=\"1865\" data-end=\"2328\">La comitiva que particip\u00f3 en la inauguraci\u00f3n oficial de la presencia mexicana estuvo integrada por representantes de Pueblos Originarios de Campeche, Oaxaca, Nayarit, Guerrero y Chihuahua, as\u00ed como por artesanas, artesanos y representantes culturales. Tambi\u00e9n formaron parte c\u00e1maras empresariales, l\u00edneas a\u00e9reas, tour operadores, organismos de promoci\u00f3n, chefs y alianzas p\u00fablico-privadas, quienes mostraron el potencial tur\u00edstico de las 32 entidades federativas.<\/p>\n<p style=\"text-align: justify;\" data-start=\"2330\" data-end=\"2645\" data-is-last-node=\"\" data-is-only-node=\"\">En el acto inaugural participaron adem\u00e1s las gobernadoras <span class=\"hover:entity-accent entity-underline inline cursor-pointer align-baseline\"><span class=\"whitespace-normal\">Mara Lezama<\/span><\/span>, de Quintana Roo, y <span class=\"hover:entity-accent entity-underline inline cursor-pointer align-baseline\"><span class=\"whitespace-normal\">Libia Dennise Garc\u00eda Mu\u00f1oz Ledo<\/span><\/span>, de Guanajuato, as\u00ed como el gobernador de Quer\u00e9taro, <span class=\"hover:entity-accent entity-underline inline cursor-pointer align-baseline\"><span class=\"whitespace-normal\">Mauricio Kuri Gonz\u00e1lez<\/span><\/span>, adem\u00e1s de secretarias y secretarios de turismo estatales.<\/p>\n","protected":false},"excerpt":{"rendered":"<p>La gobernadora de Tlaxcala, Lorena Cu\u00e9llar Cisneros, acompa\u00f1\u00f3 a la secretaria de Turismo del Gobierno de M\u00e9xico, Josefina Rodr\u00edguez Zamora, durante la inauguraci\u00f3n oficial de la Feria Internacional de Turismo (FITUR) 2026, en la que M\u00e9xico participa como Pa\u00eds Invitado y, por primera vez, con representantes de Pueblos Originarios. El acto inaugural cont\u00f3 con la [&hellip;]<\/p>\n","protected":false},"author":3,"featured_media":59162,"comment_status":"open","ping_status":"open","sticky":false,"template":"","format":"standard","meta":{"footnotes":""},"categories":[236],"tags":[],"class_list":["post-59161","post","type-post","status-publish","format-standard","has-post-thumbnail","hentry","category-gobierno-de-tlaxcala"],"amp_enabled":true,"_links":{"self":[{"href":"https:\/\/labestiapolitica.com.mx\/index.php?rest_route=\/wp\/v2\/posts\/59161","targetHints":{"allow":["GET"]}}],"collection":[{"href":"https:\/\/labestiapolitica.com.mx\/index.php?rest_route=\/wp\/v2\/posts"}],"about":[{"href":"https:\/\/labestiapolitica.com.mx\/index.php?rest_route=\/wp\/v2\/types\/post"}],"author":[{"embeddable":true,"href":"https:\/\/labestiapolitica.com.mx\/index.php?rest_route=\/wp\/v2\/users\/3"}],"replies":[{"embeddable":true,"href":"https:\/\/labestiapolitica.com.mx\/index.php?rest_route=%2Fwp%2Fv2%2Fcomments&post=59161"}],"version-history":[{"count":1,"href":"https:\/\/labestiapolitica.com.mx\/index.php?rest_route=\/wp\/v2\/posts\/59161\/revisions"}],"predecessor-version":[{"id":59163,"href":"https:\/\/labestiapolitica.com.mx\/index.php?rest_route=\/wp\/v2\/posts\/59161\/revisions\/59163"}],"wp:featuredmedia":[{"embeddable":true,"href":"https:\/\/labestiapolitica.com.mx\/index.php?rest_route=\/wp\/v2\/media\/59162"}],"wp:attachment":[{"href":"https:\/\/labestiapolitica.com.mx\/index.php?rest_route=%2Fwp%2Fv2%2Fmedia&parent=59161"}],"wp:term":[{"taxonomy":"category","embeddable":true,"href":"https:\/\/labestiapolitica.com.mx\/index.php?rest_route=%2Fwp%2Fv2%2Fcategories&post=59161"},{"taxonomy":"post_tag","embeddable":true,"href":"https:\/\/labestiapolitica.com.mx\/index.php?rest_route=%2Fwp%2Fv2%2Ftags&post=59161"}],"curies":[{"name":"wp","href":"https:\/\/api.w.org\/{rel}","templated":true}]}}