{"id":59167,"date":"2026-01-22T12:25:50","date_gmt":"2026-01-22T18:25:50","guid":{"rendered":"https:\/\/labestiapolitica.com.mx\/?p=59167"},"modified":"2026-01-22T14:09:20","modified_gmt":"2026-01-22T20:09:20","slug":"en-huamantla-se-confirma-tercer-caso-de-sarampion-paciente-es-una-bebe-de-seis-meses","status":"publish","type":"post","link":"https:\/\/labestiapolitica.com.mx\/?p=59167","title":{"rendered":"En Huamantla se confirma tercer caso de sarampi\u00f3n; paciente es una beb\u00e9 de seis meses"},"content":{"rendered":"<p style=\"text-align: justify;\">Mariana LOVERA \/\/ La Secretar\u00eda de Salud del estado confirm\u00f3 este jueves un tercer caso positivo de sarampi\u00f3n en Tlaxcala. Se trata de una beb\u00e9 de seis meses de edad, originaria del municipio de Huamantla.<\/p>\n<p style=\"text-align: justify;\">De acuerdo con el reporte del Laboratorio Estatal de Salud P\u00fablica, la muestra de la menor fue recibida el pasado 20 de enero, tras ser enviada por el Hospital General de Huamantla. Los an\u00e1lisis, realizados mediante pruebas de PCR y serolog\u00eda, confirmaron el diagn\u00f3stico. El caso ya fue registrado en el sistema estatal de vigilancia epidemiol\u00f3gica.<\/p>\n<p style=\"text-align: justify;\">Entre el 17 y el 21 de enero, el laboratorio proces\u00f3 m\u00faltiples muestras provenientes de diversas unidades m\u00e9dicas, incluyendo el IMSS, hospitales generales y el Hospital Infantil de Tlaxcala. La mayor\u00eda correspond\u00eda a pacientes pedi\u00e1tricos, con edades entre cinco meses y 13 a\u00f1os.<\/p>\n<p style=\"text-align: justify;\">Un dato positivo es que la gran mayor\u00eda de estos resultados fueron negativos, lo que descarta, por el momento, la presencia de contagios adicionales durante ese per\u00edodo de vigilancia.<\/p>\n<p style=\"text-align: justify;\">Este nuevo caso se suma a los dos confirmados previamente:<\/p>\n<p style=\"text-align: justify;\">\u00b7 Un hombre de 31 a\u00f1os (confirmado el 15 de enero).<br \/>\n\u00b7 Una ni\u00f1a de seis a\u00f1os (confirmada el 17 de enero).<\/p>\n<p>Ambos pacientes son originarios de la comunidad de San Bartolom\u00e9 Matlalohcan, en el municipio de Tetla de la Solidaridad.<\/p>\n<p style=\"text-align: justify;\">Ante la situaci\u00f3n, la Secretar\u00eda de Salud inform\u00f3 que mantiene activos los cercos sanitarios, el rastreo de contactos y la intensificaci\u00f3n de las campa\u00f1as de vacunaci\u00f3n. Estas acciones se enfocan especialmente en comunidades con mayor riesgo y concentraci\u00f3n de poblaci\u00f3n infantil.<\/p>\n<p style=\"text-align: justify;\">La dependencia reiter\u00f3 que la vacunaci\u00f3n es la principal medida de prevenci\u00f3n contra esta enfermedad altamente contagiosa. Hizo un llamado urgente a padres de familia y tutores a revisar las cartillas de vacunaci\u00f3n y acudir a los centros de salud para completar los esquemas, en particular la aplicaci\u00f3n de la vacuna triple viral (SRP).<\/p>\n<p style=\"text-align: justify;\">Las autoridades sanitarias instaron a la poblaci\u00f3n a estar atenta a la aparici\u00f3n de s\u00edntomas como:<\/p>\n<p>\u00b7 Fiebre alta.<br \/>\n\u00b7 Erupciones o manchas en la piel.<br \/>\n\u00b7 Tos persistente.<br \/>\n\u00b7 Conjuntivitis.<\/p>\n<p style=\"text-align: justify;\">Se recomienda acudir de inmediato a servicios m\u00e9dicos ante cualquier sospecha para recibir diagn\u00f3stico y evitar la propagaci\u00f3n del virus.<\/p>\n","protected":false},"excerpt":{"rendered":"<p>Mariana LOVERA \/\/ La Secretar\u00eda de Salud del estado confirm\u00f3 este jueves un tercer caso positivo de sarampi\u00f3n en Tlaxcala. Se trata de una beb\u00e9 de seis meses de edad, originaria del municipio de Huamantla. De acuerdo con el reporte del Laboratorio Estatal de Salud P\u00fablica, la muestra de la menor fue recibida el pasado [&hellip;]<\/p>\n","protected":false},"author":6,"featured_media":59168,"comment_status":"open","ping_status":"open","sticky":false,"template":"","format":"standard","meta":{"footnotes":""},"categories":[3,7],"tags":[],"class_list":["post-59167","post","type-post","status-publish","format-standard","has-post-thumbnail","hentry","category-8-columnas","category-ciudadanos"],"amp_enabled":true,"_links":{"self":[{"href":"https:\/\/labestiapolitica.com.mx\/index.php?rest_route=\/wp\/v2\/posts\/59167","targetHints":{"allow":["GET"]}}],"collection":[{"href":"https:\/\/labestiapolitica.com.mx\/index.php?rest_route=\/wp\/v2\/posts"}],"about":[{"href":"https:\/\/labestiapolitica.com.mx\/index.php?rest_route=\/wp\/v2\/types\/post"}],"author":[{"embeddable":true,"href":"https:\/\/labestiapolitica.com.mx\/index.php?rest_route=\/wp\/v2\/users\/6"}],"replies":[{"embeddable":true,"href":"https:\/\/labestiapolitica.com.mx\/index.php?rest_route=%2Fwp%2Fv2%2Fcomments&post=59167"}],"version-history":[{"count":1,"href":"https:\/\/labestiapolitica.com.mx\/index.php?rest_route=\/wp\/v2\/posts\/59167\/revisions"}],"predecessor-version":[{"id":59169,"href":"https:\/\/labestiapolitica.com.mx\/index.php?rest_route=\/wp\/v2\/posts\/59167\/revisions\/59169"}],"wp:featuredmedia":[{"embeddable":true,"href":"https:\/\/labestiapolitica.com.mx\/index.php?rest_route=\/wp\/v2\/media\/59168"}],"wp:attachment":[{"href":"https:\/\/labestiapolitica.com.mx\/index.php?rest_route=%2Fwp%2Fv2%2Fmedia&parent=59167"}],"wp:term":[{"taxonomy":"category","embeddable":true,"href":"https:\/\/labestiapolitica.com.mx\/index.php?rest_route=%2Fwp%2Fv2%2Fcategories&post=59167"},{"taxonomy":"post_tag","embeddable":true,"href":"https:\/\/labestiapolitica.com.mx\/index.php?rest_route=%2Fwp%2Fv2%2Ftags&post=59167"}],"curies":[{"name":"wp","href":"https:\/\/api.w.org\/{rel}","templated":true}]}}