{"id":59171,"date":"2026-01-22T13:38:54","date_gmt":"2026-01-22T19:38:54","guid":{"rendered":"https:\/\/labestiapolitica.com.mx\/?p=59171"},"modified":"2026-01-22T14:07:46","modified_gmt":"2026-01-22T20:07:46","slug":"diocesis-de-tlaxcala-llama-a-sumarse-a-medidas-sanitarias-ante-brote-de-sarampion","status":"publish","type":"post","link":"https:\/\/labestiapolitica.com.mx\/?p=59171","title":{"rendered":"Di\u00f3cesis de Tlaxcala llama a sumarse a medidas sanitarias ante brote de sarampi\u00f3n"},"content":{"rendered":"<p style=\"text-align: justify;\">* Tras confirmarse el tercer caso en el estado, una beb\u00e9 de seis meses, la Iglesia Cat\u00f3lica local emite comunicado con recomendaciones de Salud para prevenir contagios.<\/p>\n<p style=\"text-align: justify;\">Mariana LOVERA\/\/ Ante el riesgo de un brote de sarampi\u00f3n en la entidad y la confirmaci\u00f3n de un tercer caso, correspondiente a una beb\u00e9 de seis meses, la Di\u00f3cesis de Tlaxcala hizo un llamado responsable a la comunidad cat\u00f3lica para sumarse de manera inmediata y activa a las indicaciones preventivas emitidas por la Secretar\u00eda de Salud estatal.<\/p>\n<p style=\"text-align: justify;\">A trav\u00e9s de un comunicado oficial firmado por el presb\u00edtero Mois\u00e9s Islas Hern\u00e1ndez, Secretario Canciller, la Di\u00f3cesis manifest\u00f3 su \u201cconciencia de nuestra responsabilidad y compromiso social\u201d para ayudar a prevenir la propagaci\u00f3n del virus.<\/p>\n<p style=\"text-align: justify;\">El documento, dirigido a toda la comunidad cat\u00f3lica de Tlaxcala, reproduce y respalda las medidas epidemiol\u00f3gicas establecidas por las autoridades sanitarias. Destaca que el mecanismo de contagio del sarampi\u00f3n es \u201cmediante el contacto directo con gotitas de las personas infectadas al toser o estornudar y al contacto con superficies u objetos contaminados\u201d.<\/p>\n<p style=\"text-align: justify;\">Entre las acciones clave a las que la Di\u00f3cesis pide adherencia se encuentran:<\/p>\n<p style=\"text-align: justify;\">\u00b7 El uso correcto del cubrebocas como medida \u201cpreventiva y deseable\u201d.<br \/>\n\u00b7 El lavado frecuente de manos y evitar tocarse el rostro.<br \/>\n\u00b7 Evitar el contacto cercano con personas enfermas y no compartir utensilios personales.<br \/>\n\u00b7 Cubrirse al toser o estornudar con el \u00e1ngulo interno del codo.<br \/>\n\u00b7 La limpieza constante de superficies.<br \/>\n\u00b7 Mantener a los reci\u00e9n nacidos alejados de personas con s\u00edntomas respiratorios.<br \/>\n\u00b7 La actualizaci\u00f3n de los esquemas de vacunaci\u00f3n en todas las edades, incluyendo adultos, ni\u00f1os, adolescentes y personal de salud.<\/p>\n<p style=\"text-align: justify;\">El texto enfatiza la importancia del aislamiento en caso de presentar s\u00edntomas como fiebre, conjuntivitis, coriza (rinorrea), tos y las manchas Koplik (peque\u00f1as manchas blancas en la mucosa oral), y acudir de inmediato a la unidad hospitalaria m\u00e1s cercana.<\/p>\n<p style=\"text-align: justify;\">La publicaci\u00f3n de este comunicado por parte de la Di\u00f3cesis ocurre en un contexto de alerta sanitaria, luego de que este jueves se confirmara el tercer caso de sarampi\u00f3n en Tlaxcala, el cual afecta a una menor de apenas seis meses, un grupo de edad particularmente vulnerable.<\/p>\n<p style=\"text-align: justify;\">Con esta acci\u00f3n, la Iglesia Cat\u00f3lica en Tlaxcala busca ser un agente activo en la contenci\u00f3n del brote, promoviendo entre sus fieles las medidas de higiene y prevenci\u00f3n como un acto de solidaridad y cuidado comunitario.<\/p>\n","protected":false},"excerpt":{"rendered":"<p>* Tras confirmarse el tercer caso en el estado, una beb\u00e9 de seis meses, la Iglesia Cat\u00f3lica local emite comunicado con recomendaciones de Salud para prevenir contagios. Mariana LOVERA\/\/ Ante el riesgo de un brote de sarampi\u00f3n en la entidad y la confirmaci\u00f3n de un tercer caso, correspondiente a una beb\u00e9 de seis meses, la [&hellip;]<\/p>\n","protected":false},"author":6,"featured_media":59172,"comment_status":"open","ping_status":"open","sticky":false,"template":"","format":"standard","meta":{"footnotes":""},"categories":[7],"tags":[],"class_list":["post-59171","post","type-post","status-publish","format-standard","has-post-thumbnail","hentry","category-ciudadanos"],"amp_enabled":true,"_links":{"self":[{"href":"https:\/\/labestiapolitica.com.mx\/index.php?rest_route=\/wp\/v2\/posts\/59171","targetHints":{"allow":["GET"]}}],"collection":[{"href":"https:\/\/labestiapolitica.com.mx\/index.php?rest_route=\/wp\/v2\/posts"}],"about":[{"href":"https:\/\/labestiapolitica.com.mx\/index.php?rest_route=\/wp\/v2\/types\/post"}],"author":[{"embeddable":true,"href":"https:\/\/labestiapolitica.com.mx\/index.php?rest_route=\/wp\/v2\/users\/6"}],"replies":[{"embeddable":true,"href":"https:\/\/labestiapolitica.com.mx\/index.php?rest_route=%2Fwp%2Fv2%2Fcomments&post=59171"}],"version-history":[{"count":1,"href":"https:\/\/labestiapolitica.com.mx\/index.php?rest_route=\/wp\/v2\/posts\/59171\/revisions"}],"predecessor-version":[{"id":59173,"href":"https:\/\/labestiapolitica.com.mx\/index.php?rest_route=\/wp\/v2\/posts\/59171\/revisions\/59173"}],"wp:featuredmedia":[{"embeddable":true,"href":"https:\/\/labestiapolitica.com.mx\/index.php?rest_route=\/wp\/v2\/media\/59172"}],"wp:attachment":[{"href":"https:\/\/labestiapolitica.com.mx\/index.php?rest_route=%2Fwp%2Fv2%2Fmedia&parent=59171"}],"wp:term":[{"taxonomy":"category","embeddable":true,"href":"https:\/\/labestiapolitica.com.mx\/index.php?rest_route=%2Fwp%2Fv2%2Fcategories&post=59171"},{"taxonomy":"post_tag","embeddable":true,"href":"https:\/\/labestiapolitica.com.mx\/index.php?rest_route=%2Fwp%2Fv2%2Ftags&post=59171"}],"curies":[{"name":"wp","href":"https:\/\/api.w.org\/{rel}","templated":true}]}}