{"id":59174,"date":"2026-01-22T13:48:22","date_gmt":"2026-01-22T19:48:22","guid":{"rendered":"https:\/\/labestiapolitica.com.mx\/?p=59174"},"modified":"2026-01-22T14:28:34","modified_gmt":"2026-01-22T20:28:34","slug":"mantienen-ambientalistas-resistencia-en-defensa-del-parque-de-la-juventud-obtienen-amparo","status":"publish","type":"post","link":"https:\/\/labestiapolitica.com.mx\/?p=59174","title":{"rendered":"Frenan con amparo \u201cCiudad de la Juventud \u201c; mantienen ambientalistas resistencia en defensa del parque"},"content":{"rendered":"<p style=\"text-align: justify;\">*A tres meses obtienen amparo que suspende provisionalmente el proyecto \u00abCiudad de la Juventud\u00bb<\/p>\n<p style=\"text-align: justify;\">*Anuncian levantamiento de firmas y acciones de educaci\u00f3n ciudadana para este fin de semana<\/p>\n<p style=\"text-align: justify;\">Ana S\u00e1nchez \/\/ Integrantes del colectivo \u00abSalvemos el Parque de la Juventud\u00bb cumplen tres meses de organizaci\u00f3n y resistencia ciudadana, tiempo en el que han logrado frenar, al menos temporalmente, el pol\u00e9mico proyecto \u00abCiudad de la Juventud\u00bb, que amenazaba con transformar este bosque urbano.<\/p>\n<p style=\"text-align: justify;\">El movimiento naci\u00f3 el 20 de octubre de 2025, cuando el gobierno estatal cerr\u00f3 los accesos al parque para iniciar una obra valorada en 122 millones de pesos, la cual \u2013denuncian\u2013 carec\u00eda de estudios de impacto ambiental y social, as\u00ed como de los permisos correspondientes.<\/p>\n<p style=\"text-align: justify;\">El proyecto original contemplaba el derribo de \u00e1rboles \u2013muchos de los cuales a\u00fan est\u00e1n marcados con una X roja\u2013, la construcci\u00f3n de una alberca ol\u00edmpica, nuevos edificios, un estanque artificial y un sistema de riego con aguas tratadas.<\/p>\n<p style=\"text-align: justify;\">Alfonso Gonz\u00e1lez Corona, abogado del colectivo, confirm\u00f3 que a tres meses consiguieron un amparo ante el Poder Judicial de la Federaci\u00f3n, \u00abel tercer Juzgado de Distrito nos ha otorgado la suspensi\u00f3n provisional del proyecto Ciudad de la Juventud\u00bb, explic\u00f3.<\/p>\n<p style=\"text-align: justify;\">Esto significa que el gobierno no podr\u00e1 realizar obras, tala, movimiento de tierra o cualquier intervenci\u00f3n material hasta que el asunto se resuelva.<\/p>\n<p style=\"text-align: justify;\">Los ambientalistas afirmaron que forzaron un cambio en la narrativa oficial, \u00abLogramos que el Gobierno de Tlaxcala anunciara p\u00fablicamente que no se talar\u00eda ning\u00fan \u00e1rbol, que no se construir\u00eda la alberca y se rechaz\u00f3 el estanque artificial\u00bb, detallaron los activistas.<\/p>\n<p style=\"text-align: justify;\">Sin embargo, se\u00f1alan que estas promesas no se han plasmado por escrito y que la versi\u00f3n final del proyecto sigue sin hacerse p\u00fablica.<\/p>\n<p style=\"text-align: justify;\">Ana Celia Osorno detall\u00f3 que la lucha tambi\u00e9n tuvo un impacto directo en la conservaci\u00f3n, pues tras una denuncia popular, la Procuradur\u00eda de Protecci\u00f3n al Ambiente del Estado orden\u00f3 al Instituto Tlaxcalteca de la Juventud (ITJ) detener pr\u00e1cticas da\u00f1inas como el retiro de hojarasca y el rastrillado del suelo, acciones que provocaban erosi\u00f3n y enfermaban a los \u00e1rboles al privarlos de nutrientes.<\/p>\n<p style=\"text-align: justify;\">La integrante del movimiento, se\u00f1al\u00f3 que continuar\u00e1n desacreditando las encuestas del gobierno estatal, a las que califican de \u00abambiguas\u00bb y carentes de rigor metodol\u00f3gico, usadas \u2013a su juicio\u2013 como \u00abjustificaci\u00f3n para la implementaci\u00f3n del proyecto\u00bb.<\/p>\n<p style=\"text-align: justify;\">Por ello, el colectivo mantendr\u00e1 una agenda activa, se preve que el s\u00e1bado 24 de enero, de 7:30 a 18:00 horas, realizar\u00e1n una jornada de recolecci\u00f3n de firmas en el parque para una segunda denuncia popular.<\/p>\n<p style=\"text-align: justify;\">Para el domingo 25, de 11:00 a 14:00 horas, llevar\u00e1n a cabo el conteo de un color\u00edn, una especie protegida y en peligro de extinci\u00f3n, seguido de un convivio comunitario \u00abpara celebrar que la vida va ganando\u00bb.<\/p>\n<p style=\"text-align: justify;\">Los defensores del parque exigen al gobierno \u00abgobernar desde la cercan\u00eda, la escucha y el cuidado\u00bb, y demandan que se retomen las mesas de di\u00e1logo entre ciudadan\u00eda y funcionarios, ello tras criticar la incongruencia de la titular del ITJ, Lucero Morales, quien habla de \u00abdignificar espacios\u00bb mientras \u2013aseguran\u2013 las instalaciones est\u00e1n en mal estado, hay basura y se usa una plazuela como estacionamiento.<\/p>\n<p style=\"text-align: justify;\">Finalmente advirtieron que el movimiento en defensa del Parque de la Juventud se mantendr\u00e1 y sumar\u00e1 a m\u00e1s actores de la sociedad.<\/p>\n<p>&nbsp;<\/p>\n<p><img loading=\"lazy\" decoding=\"async\" class=\"alignnone size-full wp-image-59176\" src=\"https:\/\/labestiapolitica.com.mx\/wp-content\/uploads\/2026\/01\/WhatsApp-Image-2026-01-22-at-12.13.38-PM.jpeg\" alt=\"\" width=\"1600\" height=\"1200\" srcset=\"https:\/\/labestiapolitica.com.mx\/wp-content\/uploads\/2026\/01\/WhatsApp-Image-2026-01-22-at-12.13.38-PM.jpeg 1600w, https:\/\/labestiapolitica.com.mx\/wp-content\/uploads\/2026\/01\/WhatsApp-Image-2026-01-22-at-12.13.38-PM-300x225.jpeg 300w, https:\/\/labestiapolitica.com.mx\/wp-content\/uploads\/2026\/01\/WhatsApp-Image-2026-01-22-at-12.13.38-PM-1024x768.jpeg 1024w, https:\/\/labestiapolitica.com.mx\/wp-content\/uploads\/2026\/01\/WhatsApp-Image-2026-01-22-at-12.13.38-PM-768x576.jpeg 768w, https:\/\/labestiapolitica.com.mx\/wp-content\/uploads\/2026\/01\/WhatsApp-Image-2026-01-22-at-12.13.38-PM-1536x1152.jpeg 1536w\" sizes=\"auto, (max-width: 1600px) 100vw, 1600px\" \/><\/p>\n","protected":false},"excerpt":{"rendered":"<p>*A tres meses obtienen amparo que suspende provisionalmente el proyecto \u00abCiudad de la Juventud\u00bb *Anuncian levantamiento de firmas y acciones de educaci\u00f3n ciudadana para este fin de semana Ana S\u00e1nchez \/\/ Integrantes del colectivo \u00abSalvemos el Parque de la Juventud\u00bb cumplen tres meses de organizaci\u00f3n y resistencia ciudadana, tiempo en el que han logrado frenar, [&hellip;]<\/p>\n","protected":false},"author":3,"featured_media":59178,"comment_status":"open","ping_status":"open","sticky":false,"template":"","format":"standard","meta":{"footnotes":""},"categories":[3,7],"tags":[],"class_list":["post-59174","post","type-post","status-publish","format-standard","has-post-thumbnail","hentry","category-8-columnas","category-ciudadanos"],"amp_enabled":true,"_links":{"self":[{"href":"https:\/\/labestiapolitica.com.mx\/index.php?rest_route=\/wp\/v2\/posts\/59174","targetHints":{"allow":["GET"]}}],"collection":[{"href":"https:\/\/labestiapolitica.com.mx\/index.php?rest_route=\/wp\/v2\/posts"}],"about":[{"href":"https:\/\/labestiapolitica.com.mx\/index.php?rest_route=\/wp\/v2\/types\/post"}],"author":[{"embeddable":true,"href":"https:\/\/labestiapolitica.com.mx\/index.php?rest_route=\/wp\/v2\/users\/3"}],"replies":[{"embeddable":true,"href":"https:\/\/labestiapolitica.com.mx\/index.php?rest_route=%2Fwp%2Fv2%2Fcomments&post=59174"}],"version-history":[{"count":3,"href":"https:\/\/labestiapolitica.com.mx\/index.php?rest_route=\/wp\/v2\/posts\/59174\/revisions"}],"predecessor-version":[{"id":59191,"href":"https:\/\/labestiapolitica.com.mx\/index.php?rest_route=\/wp\/v2\/posts\/59174\/revisions\/59191"}],"wp:featuredmedia":[{"embeddable":true,"href":"https:\/\/labestiapolitica.com.mx\/index.php?rest_route=\/wp\/v2\/media\/59178"}],"wp:attachment":[{"href":"https:\/\/labestiapolitica.com.mx\/index.php?rest_route=%2Fwp%2Fv2%2Fmedia&parent=59174"}],"wp:term":[{"taxonomy":"category","embeddable":true,"href":"https:\/\/labestiapolitica.com.mx\/index.php?rest_route=%2Fwp%2Fv2%2Fcategories&post=59174"},{"taxonomy":"post_tag","embeddable":true,"href":"https:\/\/labestiapolitica.com.mx\/index.php?rest_route=%2Fwp%2Fv2%2Ftags&post=59174"}],"curies":[{"name":"wp","href":"https:\/\/api.w.org\/{rel}","templated":true}]}}