{"id":59183,"date":"2026-01-22T14:14:57","date_gmt":"2026-01-22T20:14:57","guid":{"rendered":"https:\/\/labestiapolitica.com.mx\/?p=59183"},"modified":"2026-01-22T14:50:50","modified_gmt":"2026-01-22T20:50:50","slug":"iniciativa-propone-incluir-a-las-mujeres-trans-en-la-figura-del-feminicidio%e2%9a%96%ef%b8%8f","status":"publish","type":"post","link":"https:\/\/labestiapolitica.com.mx\/?p=59183","title":{"rendered":"Iniciativa propone incluir a las mujeres trans en la figura del feminicidio\u2696\ufe0f"},"content":{"rendered":"<p style=\"text-align: justify;\">Mariana LOVERA \/\/ La diputada independiente Soraya Noem\u00ed Bocardo Phillips present\u00f3 una iniciativa para reformar el C\u00f3digo Penal local, con el fin de incluir expl\u00edcitamente a las mujeres transg\u00e9nero dentro de la tipificaci\u00f3n del delito de feminicidio.<\/p>\n<p style=\"text-align: justify;\">La propuesta modifica el Art\u00edculo 229 para establecer que se considerar\u00e1 v\u00edctima de feminicidio a toda persona que se identifique y viva socialmente como mujer. Esta definici\u00f3n abarca tanto a las mujeres biol\u00f3gicas(cuyo sexo asignado al nacer coincide con su identidad de g\u00e9nero) como a las mujeres trans, sin requerir para estas \u00faltimas un reconocimiento legal previo de su identidad.<\/p>\n<p style=\"text-align: justify;\">Bocardo Phillips enfatiz\u00f3 que la iniciativa no crea un nuevo delito ni ampl\u00eda desproporcionadamente la figura existente. Se trata, explic\u00f3, de una \u00abarmonizaci\u00f3n legal necesaria\u00bb que \u00abprecisa el concepto de v\u00edctima para fortalecer la certeza jur\u00eddica, guiar la actuaci\u00f3n de las autoridades y garantizar una protecci\u00f3n penal efectiva\u00bb.<\/p>\n<p style=\"text-align: justify;\">La legisladora advirti\u00f3 que omitir este reconocimiento env\u00eda un mensaje institucional que invisibiliza la diversidad de las mujeres y limita el acceso a la justicia. En este sentido, subray\u00f3 la vigencia del principio de que \u00ablo que no se nombra, queda excluido\u00bb.<\/p>\n<p style=\"text-align: justify;\">Argument\u00f3 que incluir expresamente a las mujeres trans en la ley es un paso fundamental para asegurarles acceso efectivo a la justicia, reparaci\u00f3n integral y garant\u00edas de no repetici\u00f3n. Mientras esta violencia no sea reconocida de manera expl\u00edcita, se\u00f1al\u00f3, las v\u00edctimas trans seguir\u00e1n siendo invisibilizadas y los responsables se beneficiar\u00e1n de mayores niveles de impunidad.<\/p>\n<p style=\"text-align: justify;\">Finalmente, record\u00f3 la obligaci\u00f3n del Estado de garantizar justicia para todas las personas. No obstante, puntualiz\u00f3 que, en la pr\u00e1ctica, las mujeres trans enfrentan barreras estructurales como la negaci\u00f3n de su identidad en registros oficiales y la falta de protocolos de investigaci\u00f3n con perspectiva de g\u00e9nero e identidad de g\u00e9nero, lo que favorece la impunidad y la revictimizaci\u00f3n.<\/p>\n<p>&nbsp;<\/p>\n","protected":false},"excerpt":{"rendered":"<p>Mariana LOVERA \/\/ La diputada independiente Soraya Noem\u00ed Bocardo Phillips present\u00f3 una iniciativa para reformar el C\u00f3digo Penal local, con el fin de incluir expl\u00edcitamente a las mujeres transg\u00e9nero dentro de la tipificaci\u00f3n del delito de feminicidio. La propuesta modifica el Art\u00edculo 229 para establecer que se considerar\u00e1 v\u00edctima de feminicidio a toda persona que [&hellip;]<\/p>\n","protected":false},"author":6,"featured_media":59185,"comment_status":"open","ping_status":"open","sticky":false,"template":"","format":"standard","meta":{"footnotes":""},"categories":[224],"tags":[],"class_list":["post-59183","post","type-post","status-publish","format-standard","has-post-thumbnail","hentry","category-congreso-del-estado-de-tlaxcala"],"amp_enabled":true,"_links":{"self":[{"href":"https:\/\/labestiapolitica.com.mx\/index.php?rest_route=\/wp\/v2\/posts\/59183","targetHints":{"allow":["GET"]}}],"collection":[{"href":"https:\/\/labestiapolitica.com.mx\/index.php?rest_route=\/wp\/v2\/posts"}],"about":[{"href":"https:\/\/labestiapolitica.com.mx\/index.php?rest_route=\/wp\/v2\/types\/post"}],"author":[{"embeddable":true,"href":"https:\/\/labestiapolitica.com.mx\/index.php?rest_route=\/wp\/v2\/users\/6"}],"replies":[{"embeddable":true,"href":"https:\/\/labestiapolitica.com.mx\/index.php?rest_route=%2Fwp%2Fv2%2Fcomments&post=59183"}],"version-history":[{"count":2,"href":"https:\/\/labestiapolitica.com.mx\/index.php?rest_route=\/wp\/v2\/posts\/59183\/revisions"}],"predecessor-version":[{"id":59199,"href":"https:\/\/labestiapolitica.com.mx\/index.php?rest_route=\/wp\/v2\/posts\/59183\/revisions\/59199"}],"wp:featuredmedia":[{"embeddable":true,"href":"https:\/\/labestiapolitica.com.mx\/index.php?rest_route=\/wp\/v2\/media\/59185"}],"wp:attachment":[{"href":"https:\/\/labestiapolitica.com.mx\/index.php?rest_route=%2Fwp%2Fv2%2Fmedia&parent=59183"}],"wp:term":[{"taxonomy":"category","embeddable":true,"href":"https:\/\/labestiapolitica.com.mx\/index.php?rest_route=%2Fwp%2Fv2%2Fcategories&post=59183"},{"taxonomy":"post_tag","embeddable":true,"href":"https:\/\/labestiapolitica.com.mx\/index.php?rest_route=%2Fwp%2Fv2%2Ftags&post=59183"}],"curies":[{"name":"wp","href":"https:\/\/api.w.org\/{rel}","templated":true}]}}