{"id":59187,"date":"2026-01-22T14:27:16","date_gmt":"2026-01-22T20:27:16","guid":{"rendered":"https:\/\/labestiapolitica.com.mx\/?p=59187"},"modified":"2026-01-22T14:29:42","modified_gmt":"2026-01-22T20:29:42","slug":"avalan-legisladores-relevo-de-la-familia-garay-en-el-congreso-de-tlaxcala","status":"publish","type":"post","link":"https:\/\/labestiapolitica.com.mx\/?p=59187","title":{"rendered":"Avalan legisladores relevo de la familia Garay en el Congreso de Tlaxcala"},"content":{"rendered":"<p style=\"text-align: justify;\">*Aprobaron la licencia indefinida del diputado Silvano Garay Ulloa, le suple su hijo, Silvano Garay Loredo<\/p>\n<p style=\"text-align: justify;\">Ana S\u00e1nchez \/\/ En una votaci\u00f3n un\u00e1nime, la Sexag\u00e9sima Quinta Legislatura local aprob\u00f3, con 18 votos a favor, conceder licencia por tiempo indefinido al diputado local del Partido del Trabajo (PT), Silvano Garay Ulloa, quien solicit\u00f3 separarse de su cargo \u00abpor as\u00ed convenir a mis intereses personales\u00bb.<\/p>\n<p style=\"text-align: justify;\">En un hecho in\u00e9dito, quien lo suplir\u00e1 en el cargo es su hijo, Silvano Garay Loredo, la licencia, que no contempla goce de sueldo, surtir\u00e1 efectos a partir de este 22 de enero de 2026.<\/p>\n<p style=\"text-align: justify;\">El acuerdo legislativo establece que, dado que la licencia es por un periodo indeterminado y excede el plazo de tres meses previsto para casos generales, es obligatorio llamar al suplente para garantizar la integridad de la Legislatura.<\/p>\n<p style=\"text-align: justify;\">Tras la aprobaci\u00f3n de la licencia, rindi\u00f3 protesta Silvano Garay Loredo, con lo que qued\u00f3 concretado un relevo familiar dentro de la misma curul.<\/p>\n<p style=\"text-align: justify;\">La licencia deja a salvo el derecho del diputado Garay Ulloa para reincorporarse a sus actividades legislativas \u00aben el momento en que lo determine\u00bb, para lo cual deber\u00e1 presentar un aviso por escrito ante la Junta de Coordinaci\u00f3n y Concertaci\u00f3n Pol\u00edtica y la representaci\u00f3n legal del Congreso.<\/p>\n<p><img loading=\"lazy\" decoding=\"async\" class=\"alignnone size-full wp-image-59145\" src=\"https:\/\/labestiapolitica.com.mx\/wp-content\/uploads\/2026\/01\/WhatsApp-Image-2025-09-09-at-1.53.55-PM-5.jpeg\" alt=\"\" width=\"940\" height=\"788\" srcset=\"https:\/\/labestiapolitica.com.mx\/wp-content\/uploads\/2026\/01\/WhatsApp-Image-2025-09-09-at-1.53.55-PM-5.jpeg 940w, https:\/\/labestiapolitica.com.mx\/wp-content\/uploads\/2026\/01\/WhatsApp-Image-2025-09-09-at-1.53.55-PM-5-300x251.jpeg 300w, https:\/\/labestiapolitica.com.mx\/wp-content\/uploads\/2026\/01\/WhatsApp-Image-2025-09-09-at-1.53.55-PM-5-768x644.jpeg 768w\" sizes=\"auto, (max-width: 940px) 100vw, 940px\" \/><\/p>\n","protected":false},"excerpt":{"rendered":"<p>*Aprobaron la licencia indefinida del diputado Silvano Garay Ulloa, le suple su hijo, Silvano Garay Loredo Ana S\u00e1nchez \/\/ En una votaci\u00f3n un\u00e1nime, la Sexag\u00e9sima Quinta Legislatura local aprob\u00f3, con 18 votos a favor, conceder licencia por tiempo indefinido al diputado local del Partido del Trabajo (PT), Silvano Garay Ulloa, quien solicit\u00f3 separarse de su [&hellip;]<\/p>\n","protected":false},"author":3,"featured_media":59188,"comment_status":"open","ping_status":"open","sticky":false,"template":"","format":"standard","meta":{"footnotes":""},"categories":[3,224],"tags":[],"class_list":["post-59187","post","type-post","status-publish","format-standard","has-post-thumbnail","hentry","category-8-columnas","category-congreso-del-estado-de-tlaxcala"],"amp_enabled":true,"_links":{"self":[{"href":"https:\/\/labestiapolitica.com.mx\/index.php?rest_route=\/wp\/v2\/posts\/59187","targetHints":{"allow":["GET"]}}],"collection":[{"href":"https:\/\/labestiapolitica.com.mx\/index.php?rest_route=\/wp\/v2\/posts"}],"about":[{"href":"https:\/\/labestiapolitica.com.mx\/index.php?rest_route=\/wp\/v2\/types\/post"}],"author":[{"embeddable":true,"href":"https:\/\/labestiapolitica.com.mx\/index.php?rest_route=\/wp\/v2\/users\/3"}],"replies":[{"embeddable":true,"href":"https:\/\/labestiapolitica.com.mx\/index.php?rest_route=%2Fwp%2Fv2%2Fcomments&post=59187"}],"version-history":[{"count":1,"href":"https:\/\/labestiapolitica.com.mx\/index.php?rest_route=\/wp\/v2\/posts\/59187\/revisions"}],"predecessor-version":[{"id":59189,"href":"https:\/\/labestiapolitica.com.mx\/index.php?rest_route=\/wp\/v2\/posts\/59187\/revisions\/59189"}],"wp:featuredmedia":[{"embeddable":true,"href":"https:\/\/labestiapolitica.com.mx\/index.php?rest_route=\/wp\/v2\/media\/59188"}],"wp:attachment":[{"href":"https:\/\/labestiapolitica.com.mx\/index.php?rest_route=%2Fwp%2Fv2%2Fmedia&parent=59187"}],"wp:term":[{"taxonomy":"category","embeddable":true,"href":"https:\/\/labestiapolitica.com.mx\/index.php?rest_route=%2Fwp%2Fv2%2Fcategories&post=59187"},{"taxonomy":"post_tag","embeddable":true,"href":"https:\/\/labestiapolitica.com.mx\/index.php?rest_route=%2Fwp%2Fv2%2Ftags&post=59187"}],"curies":[{"name":"wp","href":"https:\/\/api.w.org\/{rel}","templated":true}]}}