{"id":59192,"date":"2026-01-22T14:33:44","date_gmt":"2026-01-22T20:33:44","guid":{"rendered":"https:\/\/labestiapolitica.com.mx\/?p=59192"},"modified":"2026-01-22T14:33:44","modified_gmt":"2026-01-22T20:33:44","slug":"%f0%9f%8c%8d%f0%9f%a4%9d-tlaxcala-y-extremadura-firman-memorandum-para-la-cooperacion-cultural-turistica-y-economica-%f0%9f%8f%9b%ef%b8%8f%e2%9c%a8","status":"publish","type":"post","link":"https:\/\/labestiapolitica.com.mx\/?p=59192","title":{"rendered":"\ud83c\udf0d\ud83e\udd1d Tlaxcala y Extremadura firman memor\u00e1ndum para la cooperaci\u00f3n cultural, tur\u00edstica y econ\u00f3mica \ud83c\udfdb\ufe0f\u2728"},"content":{"rendered":"<p style=\"text-align: justify;\" data-start=\"108\" data-end=\"556\">La gobernadora de Tlaxcala, <strong data-start=\"136\" data-end=\"177\"><span class=\"hover:entity-accent entity-underline inline cursor-pointer align-baseline\"><span class=\"whitespace-normal\">Lorena Cu\u00e9llar Cisneros<\/span><\/span><\/strong>, y la presidenta de la <strong data-start=\"201\" data-end=\"242\"><span class=\"hover:entity-accent entity-underline inline cursor-pointer align-baseline\"><span class=\"whitespace-normal\">Junta de Extremadura<\/span><\/span><\/strong>, <strong data-start=\"244\" data-end=\"285\"><span class=\"hover:entity-accent entity-underline inline cursor-pointer align-baseline\"><span class=\"whitespace-normal\">Mar\u00eda Guardiola Mart\u00edn<\/span><\/span><\/strong>, firmaron un Memor\u00e1ndum de Entendimiento mediante el cual se establece una agenda com\u00fan de cooperaci\u00f3n en materia cultural, tur\u00edstica y de desarrollo econ\u00f3mico, orientada a fortalecer los v\u00ednculos hist\u00f3ricos entre Tlaxcala y la comunidad aut\u00f3noma de Extremadura, Espa\u00f1a.<\/p>\n<p style=\"text-align: justify;\" data-start=\"558\" data-end=\"1024\">El acuerdo se formaliz\u00f3 en el marco de las actividades de promoci\u00f3n tur\u00edstica que impulsa el Gobierno del Estado durante la <strong data-start=\"682\" data-end=\"723\"><span class=\"hover:entity-accent entity-underline inline cursor-pointer align-baseline\"><span class=\"whitespace-normal\">Feria Internacional de Turismo<\/span><\/span><\/strong> (FITUR) 2026, y contempla acciones conjuntas de investigaci\u00f3n y divulgaci\u00f3n para impulsar estudios, exposiciones, foros y publicaciones relacionadas con centros hist\u00f3ricos, genealog\u00eda, ling\u00fc\u00edstica y arquitectura, con el objetivo de visibilizar los aportes del mestizaje cultural entre ambas regiones.<\/p>\n<p style=\"text-align: justify;\" data-start=\"1026\" data-end=\"1372\">Asimismo, el memor\u00e1ndum establece l\u00edneas de trabajo para fortalecer la cooperaci\u00f3n en materia de patrimonio y archivos, a trav\u00e9s del intercambio de informaci\u00f3n y materiales documentales, hist\u00f3ricos y arqueol\u00f3gicos, as\u00ed como de buenas pr\u00e1cticas de gesti\u00f3n cultural para la recuperaci\u00f3n de centros hist\u00f3ricos y la puesta en valor de estos espacios.<\/p>\n<p style=\"text-align: justify;\" data-start=\"1374\" data-end=\"1671\">En el \u00e1mbito del turismo y la promoci\u00f3n cultural, el acuerdo prev\u00e9 el desarrollo de estrategias compartidas para difundir el patrimonio hist\u00f3rico y cultural de Tlaxcala y Extremadura entre sus respectivas poblaciones, adem\u00e1s del intercambio de experiencias para su promoci\u00f3n, protecci\u00f3n y defensa.<\/p>\n<p style=\"text-align: justify;\" data-start=\"1673\" data-end=\"1962\">A lo anterior se suma el impulso al desarrollo econ\u00f3mico y cultural mediante la creaci\u00f3n de c\u00edrculos comerciales y sinergias en beneficio de gestores culturales, artesanos y emprendedores del sector, con el prop\u00f3sito de fortalecer las econom\u00edas creativas y el intercambio de conocimientos.<\/p>\n<p style=\"text-align: justify;\" data-start=\"1964\" data-end=\"2286\">Con la firma de este memor\u00e1ndum, ambas partes refrendan su voluntad de consolidar una relaci\u00f3n de cooperaci\u00f3n basada en la memoria compartida, la identidad cultural y el desarrollo sostenible, lo que para Tlaxcala representa un paso estrat\u00e9gico en su proyecci\u00f3n internacional a partir de su historia y patrimonio cultural.<\/p>\n<p style=\"text-align: justify;\" data-start=\"2288\" data-end=\"2668\" data-is-last-node=\"\" data-is-only-node=\"\">El acto protocolario se llev\u00f3 a cabo en el Stand de Extremadura, en el Centro Expositor <strong data-start=\"2376\" data-end=\"2417\"><span class=\"hover:entity-accent entity-underline inline cursor-pointer align-baseline\"><span class=\"whitespace-normal\">IFEMA Madrid<\/span><\/span><\/strong>, y cont\u00f3 con la presencia del secretario de Turismo del estado, <strong data-start=\"2482\" data-end=\"2523\"><span class=\"hover:entity-accent entity-underline inline cursor-pointer align-baseline\"><span class=\"whitespace-normal\">Fabricio Mena Rodr\u00edguez<\/span><\/span><\/strong>; la secretaria de Cultura de Tlaxcala, <strong data-start=\"2563\" data-end=\"2604\"><span class=\"hover:entity-accent entity-underline inline cursor-pointer align-baseline\"><span class=\"whitespace-normal\">Karen \u00c1lvarez Villeda<\/span><\/span><\/strong>, as\u00ed como funcionarios de la Comunidad Aut\u00f3noma de Extremadura.<\/p>\n<p data-start=\"2288\" data-end=\"2668\" data-is-last-node=\"\" data-is-only-node=\"\">\n<p data-start=\"2288\" data-end=\"2668\" data-is-last-node=\"\" data-is-only-node=\"\"><img loading=\"lazy\" decoding=\"async\" class=\"alignnone size-full wp-image-59194\" src=\"https:\/\/labestiapolitica.com.mx\/wp-content\/uploads\/2026\/01\/WhatsApp-Image-2026-01-22-at-1.11.27-PM.jpeg\" alt=\"\" width=\"817\" height=\"460\" srcset=\"https:\/\/labestiapolitica.com.mx\/wp-content\/uploads\/2026\/01\/WhatsApp-Image-2026-01-22-at-1.11.27-PM.jpeg 817w, https:\/\/labestiapolitica.com.mx\/wp-content\/uploads\/2026\/01\/WhatsApp-Image-2026-01-22-at-1.11.27-PM-300x169.jpeg 300w, https:\/\/labestiapolitica.com.mx\/wp-content\/uploads\/2026\/01\/WhatsApp-Image-2026-01-22-at-1.11.27-PM-768x432.jpeg 768w\" sizes=\"auto, (max-width: 817px) 100vw, 817px\" \/><\/p>\n","protected":false},"excerpt":{"rendered":"<p>La gobernadora de Tlaxcala, Lorena Cu\u00e9llar Cisneros, y la presidenta de la Junta de Extremadura, Mar\u00eda Guardiola Mart\u00edn, firmaron un Memor\u00e1ndum de Entendimiento mediante el cual se establece una agenda com\u00fan de cooperaci\u00f3n en materia cultural, tur\u00edstica y de desarrollo econ\u00f3mico, orientada a fortalecer los v\u00ednculos hist\u00f3ricos entre Tlaxcala y la comunidad aut\u00f3noma de Extremadura, [&hellip;]<\/p>\n","protected":false},"author":3,"featured_media":59193,"comment_status":"open","ping_status":"open","sticky":false,"template":"","format":"standard","meta":{"footnotes":""},"categories":[236],"tags":[],"class_list":["post-59192","post","type-post","status-publish","format-standard","has-post-thumbnail","hentry","category-gobierno-de-tlaxcala"],"amp_enabled":true,"_links":{"self":[{"href":"https:\/\/labestiapolitica.com.mx\/index.php?rest_route=\/wp\/v2\/posts\/59192","targetHints":{"allow":["GET"]}}],"collection":[{"href":"https:\/\/labestiapolitica.com.mx\/index.php?rest_route=\/wp\/v2\/posts"}],"about":[{"href":"https:\/\/labestiapolitica.com.mx\/index.php?rest_route=\/wp\/v2\/types\/post"}],"author":[{"embeddable":true,"href":"https:\/\/labestiapolitica.com.mx\/index.php?rest_route=\/wp\/v2\/users\/3"}],"replies":[{"embeddable":true,"href":"https:\/\/labestiapolitica.com.mx\/index.php?rest_route=%2Fwp%2Fv2%2Fcomments&post=59192"}],"version-history":[{"count":1,"href":"https:\/\/labestiapolitica.com.mx\/index.php?rest_route=\/wp\/v2\/posts\/59192\/revisions"}],"predecessor-version":[{"id":59195,"href":"https:\/\/labestiapolitica.com.mx\/index.php?rest_route=\/wp\/v2\/posts\/59192\/revisions\/59195"}],"wp:featuredmedia":[{"embeddable":true,"href":"https:\/\/labestiapolitica.com.mx\/index.php?rest_route=\/wp\/v2\/media\/59193"}],"wp:attachment":[{"href":"https:\/\/labestiapolitica.com.mx\/index.php?rest_route=%2Fwp%2Fv2%2Fmedia&parent=59192"}],"wp:term":[{"taxonomy":"category","embeddable":true,"href":"https:\/\/labestiapolitica.com.mx\/index.php?rest_route=%2Fwp%2Fv2%2Fcategories&post=59192"},{"taxonomy":"post_tag","embeddable":true,"href":"https:\/\/labestiapolitica.com.mx\/index.php?rest_route=%2Fwp%2Fv2%2Ftags&post=59192"}],"curies":[{"name":"wp","href":"https:\/\/api.w.org\/{rel}","templated":true}]}}