{"id":59196,"date":"2026-01-22T14:44:56","date_gmt":"2026-01-22T20:44:56","guid":{"rendered":"https:\/\/labestiapolitica.com.mx\/?p=59196"},"modified":"2026-01-22T14:44:56","modified_gmt":"2026-01-22T20:44:56","slug":"%f0%9f%8f%ab%f0%9f%93%9a-vota-diputada-sandra-aguilar-a-favor-de-la-donacion-de-predio-para-la-construccion-del-cebes-15-en-apizaco","status":"publish","type":"post","link":"https:\/\/labestiapolitica.com.mx\/?p=59196","title":{"rendered":"\ud83c\udfeb\ud83d\udcda Vota diputada Sandra Aguilar a favor de la donaci\u00f3n de predio para la construcci\u00f3n del CEBES 15 en Apizaco"},"content":{"rendered":"<p style=\"text-align: justify;\" data-start=\"123\" data-end=\"665\">Durante sesi\u00f3n ordinaria del <span class=\"hover:entity-accent entity-underline inline cursor-pointer align-baseline\"><span class=\"whitespace-normal\">Congreso del Estado de Tlaxcala<\/span><\/span>, las y los diputados aprobaron el Dictamen con Proyecto de Decreto mediante el cual se autoriza al <span class=\"hover:entity-accent entity-underline inline cursor-pointer align-baseline\"><span class=\"whitespace-normal\">Ayuntamiento de Apizaco<\/span><\/span> a desincorporar y ejercer actos de dominio sobre la vig\u00e9sima primera fracci\u00f3n del predio urbano \u201cEl Encino\u201d, ubicado en la comunidad de <span class=\"hover:entity-accent entity-underline inline cursor-pointer align-baseline\"><span class=\"whitespace-normal\">Guadalupe Texcalac<\/span><\/span>, con el prop\u00f3sito de donarlo al Gobierno del Estado para la construcci\u00f3n del Centro Educativo de Bachillerato Estatal (CEBES) N\u00famero 15.<\/p>\n<p style=\"text-align: justify;\" data-start=\"667\" data-end=\"1077\">La <span class=\"hover:entity-accent entity-underline inline cursor-pointer align-baseline\"><span class=\"whitespace-normal\">Sandra Aguilar Vega<\/span><\/span> emiti\u00f3 su voto a favor del dictamen y destac\u00f3 la relevancia de ampliar la oferta educativa y acercar la educaci\u00f3n media superior a comunidades que hist\u00f3ricamente han sido desatendidas. Subray\u00f3 que la descentralizaci\u00f3n educativa y la creaci\u00f3n de nuevos planteles son indispensables para garantizar el acceso equitativo a la educaci\u00f3n en Tlaxcala.<\/p>\n<p style=\"text-align: justify;\" data-start=\"1079\" data-end=\"1368\">\u201cComo legisladoras y legisladores, tenemos la obligaci\u00f3n de garantizar los derechos de todas las personas, particularmente de nuestras infancias y juventudes, quienes representan el presente y el futuro de Tlaxcala. Por ello, hoy mi voto fue a favor de este dictamen\u201d, expres\u00f3 la diputada.<\/p>\n<p style=\"text-align: justify;\" data-start=\"1370\" data-end=\"1587\">Aguilar Vega celebr\u00f3 la aprobaci\u00f3n del proyecto y enfatiz\u00f3 que, desde el Congreso, no se representan colores partidistas, sino a las y los tlaxcaltecas y sus necesidades, aspiraciones y derechos fundamentales.<\/p>\n<p style=\"text-align: justify;\" data-start=\"1589\" data-end=\"1833\">Con esta decisi\u00f3n, la legisladora reiter\u00f3 su compromiso de impulsar acciones que fortalezcan el desarrollo educativo en la entidad, con el objetivo de que ninguna ni\u00f1a, ni\u00f1o o joven quede excluido del derecho a una educaci\u00f3n de calidad.<\/p>\n","protected":false},"excerpt":{"rendered":"<p>Durante sesi\u00f3n ordinaria del Congreso del Estado de Tlaxcala, las y los diputados aprobaron el Dictamen con Proyecto de Decreto mediante el cual se autoriza al Ayuntamiento de Apizaco a desincorporar y ejercer actos de dominio sobre la vig\u00e9sima primera fracci\u00f3n del predio urbano \u201cEl Encino\u201d, ubicado en la comunidad de Guadalupe Texcalac, con el [&hellip;]<\/p>\n","protected":false},"author":3,"featured_media":59197,"comment_status":"open","ping_status":"open","sticky":false,"template":"","format":"standard","meta":{"footnotes":""},"categories":[224],"tags":[],"class_list":["post-59196","post","type-post","status-publish","format-standard","has-post-thumbnail","hentry","category-congreso-del-estado-de-tlaxcala"],"amp_enabled":true,"_links":{"self":[{"href":"https:\/\/labestiapolitica.com.mx\/index.php?rest_route=\/wp\/v2\/posts\/59196","targetHints":{"allow":["GET"]}}],"collection":[{"href":"https:\/\/labestiapolitica.com.mx\/index.php?rest_route=\/wp\/v2\/posts"}],"about":[{"href":"https:\/\/labestiapolitica.com.mx\/index.php?rest_route=\/wp\/v2\/types\/post"}],"author":[{"embeddable":true,"href":"https:\/\/labestiapolitica.com.mx\/index.php?rest_route=\/wp\/v2\/users\/3"}],"replies":[{"embeddable":true,"href":"https:\/\/labestiapolitica.com.mx\/index.php?rest_route=%2Fwp%2Fv2%2Fcomments&post=59196"}],"version-history":[{"count":1,"href":"https:\/\/labestiapolitica.com.mx\/index.php?rest_route=\/wp\/v2\/posts\/59196\/revisions"}],"predecessor-version":[{"id":59198,"href":"https:\/\/labestiapolitica.com.mx\/index.php?rest_route=\/wp\/v2\/posts\/59196\/revisions\/59198"}],"wp:featuredmedia":[{"embeddable":true,"href":"https:\/\/labestiapolitica.com.mx\/index.php?rest_route=\/wp\/v2\/media\/59197"}],"wp:attachment":[{"href":"https:\/\/labestiapolitica.com.mx\/index.php?rest_route=%2Fwp%2Fv2%2Fmedia&parent=59196"}],"wp:term":[{"taxonomy":"category","embeddable":true,"href":"https:\/\/labestiapolitica.com.mx\/index.php?rest_route=%2Fwp%2Fv2%2Fcategories&post=59196"},{"taxonomy":"post_tag","embeddable":true,"href":"https:\/\/labestiapolitica.com.mx\/index.php?rest_route=%2Fwp%2Fv2%2Ftags&post=59196"}],"curies":[{"name":"wp","href":"https:\/\/api.w.org\/{rel}","templated":true}]}}