{"id":59203,"date":"2026-01-22T15:11:08","date_gmt":"2026-01-22T21:11:08","guid":{"rendered":"https:\/\/labestiapolitica.com.mx\/?p=59203"},"modified":"2026-01-22T15:11:08","modified_gmt":"2026-01-22T21:11:08","slug":"garay-loredo-niega-dinastia-politica-es-un-cumplimiento-de-la-ley%e2%9a%96%ef%b8%8f%f0%9f%8f%9b%ef%b8%8f","status":"publish","type":"post","link":"https:\/\/labestiapolitica.com.mx\/?p=59203","title":{"rendered":"Garay Loredo niega dinast\u00eda pol\u00edtica: \u00abEs un cumplimiento de la ley\u00bb\u2696\ufe0f\ud83c\udfdb\ufe0f"},"content":{"rendered":"<p style=\"text-align: justify;\">*Pese a suceder a su padre en la curul, asegura que su ingreso responde a la normativa<\/p>\n<p style=\"text-align: justify;\">Ana S\u00e1nchez \/\/ En sus primeras declaraciones como diputado en funciones, Silvano Garay Loredo se refiri\u00f3 al relevo legislativo que protagoniz\u00f3 junto a su padre, Silvano Garay Ulloa, argumentando que se est\u00e1 \u201ccumpliendo la ley\u00bb y neg\u00f3 que constituya una dinast\u00eda pol\u00edtica, a pesar de que ambos y otros miembros de su familia militan en el Partido del Trabajo, y desempe\u00f1an cargos p\u00fablicos, como su hermana Irma Yordana Garay Loredo.<\/p>\n<p style=\"text-align: justify;\">\u00abSabemos que cuando un diputado propietario pide licencia, pues sube el diputado suplente, ante los reiterados cuestionamientos replic\u00f3 que no es nepotismo, \u00abes la ley\u00bb, \u00ablo que hacemos es acatarlo; no puede quedar un Congreso ac\u00e9falo\u00bb, afirm\u00f3 Garay Loredo.<\/p>\n<p style=\"text-align: justify;\">Ante las preguntas sobre si su designaci\u00f3n representaba una \u00abherencia familiar\u00bb, el legislador del Partido del Trabajo (PT) fue enf\u00e1tico: \u00abLo volvemos a repetir, o sea, es un cumplimiento de ley\u00bb.<\/p>\n<p style=\"text-align: justify;\">Pese a sus afirmaciones, el hecho marca la continuidad del apellido Garay en la LXV Legislatura, dentro del mismo partido, donde otros familiares tambi\u00e9n han ocupado cargos.<\/p>\n<p style=\"text-align: justify;\">Garay Loredo busc\u00f3 enfocar su mensaje en la agenda legislativa y la identidad de su partido, \u00ablo que yo busco es que la gente conf\u00ede en mi persona en el tema legislativo\u00bb, dijo, a\u00f1adiendo que el PT es la segunda fuerza pol\u00edtica a nivel estatal, lo que \u2013seg\u00fan \u00e9l\u2013 los avala.<\/p>\n<p style=\"text-align: justify;\">\u00abEl partido del Trabajo est\u00e1 abierto para cualquier persona interesada en el proyecto de naci\u00f3n\u00bb, declar\u00f3, enumerando como ejes fundamentales la educaci\u00f3n, salud, seguridad y transformaci\u00f3n social.<\/p>\n<p style=\"text-align: justify;\">En un tono conciliador, extendi\u00f3 una invitaci\u00f3n general: \u00abEl PT se llama en Tlaxcala &#8216;pueblo de Tlaxcala&#8217; y en M\u00e9xico. Somos bienvenidos todos, ustedes periodistas son pueblo&#8230; todos somos bienvenidos, todos somos pueblo\u00bb.<\/p>\n<p style=\"text-align: justify;\">Tambi\u00e9n se refiri\u00f3 al actual momento pol\u00edtico, se\u00f1alando que \u00abestamos en tiempos de reforma electoral\u00bb y haciendo alusi\u00f3n a las declaraciones de la secretaria de Gobierno, Rosa Isela, sobre pl\u00e1ticas para futuros postulados.<\/p>\n<p style=\"text-align: justify;\">Respecto a la transici\u00f3n con su padre, lo describi\u00f3 como una \u00abcontinuidad de labores\u00bb y apel\u00f3 al sentimiento familiar: \u00ab\u00bfQu\u00e9 hijo no est\u00e1 orgulloso de su padre y a qu\u00e9 hijo no le gusta que su padre est\u00e9 orgulloso de \u00e9l? Supongo que aqu\u00ed todos somos hijos y todos somos padres\u00bb.<\/p>\n<p style=\"text-align: justify;\">La llegada de Silvano Garay Loredo al Congreso local consolida la presencia de su familia en la pol\u00edtica tlaxcalteca a trav\u00e9s del PT, un hecho que, pese a ser enmarcado como un procedimiento legal, refleja la permanencia de estructuras familiares dentro de la vida institucional del estado, en actos que si bien pueden ser legales, \u00bfson \u00e9ticos?.<\/p>\n<p><img loading=\"lazy\" decoding=\"async\" class=\"alignnone size-full wp-image-59145\" src=\"https:\/\/labestiapolitica.com.mx\/wp-content\/uploads\/2026\/01\/WhatsApp-Image-2025-09-09-at-1.53.55-PM-5.jpeg\" alt=\"\" width=\"940\" height=\"788\" srcset=\"https:\/\/labestiapolitica.com.mx\/wp-content\/uploads\/2026\/01\/WhatsApp-Image-2025-09-09-at-1.53.55-PM-5.jpeg 940w, https:\/\/labestiapolitica.com.mx\/wp-content\/uploads\/2026\/01\/WhatsApp-Image-2025-09-09-at-1.53.55-PM-5-300x251.jpeg 300w, https:\/\/labestiapolitica.com.mx\/wp-content\/uploads\/2026\/01\/WhatsApp-Image-2025-09-09-at-1.53.55-PM-5-768x644.jpeg 768w\" sizes=\"auto, (max-width: 940px) 100vw, 940px\" \/><\/p>\n","protected":false},"excerpt":{"rendered":"<p>*Pese a suceder a su padre en la curul, asegura que su ingreso responde a la normativa Ana S\u00e1nchez \/\/ En sus primeras declaraciones como diputado en funciones, Silvano Garay Loredo se refiri\u00f3 al relevo legislativo que protagoniz\u00f3 junto a su padre, Silvano Garay Ulloa, argumentando que se est\u00e1 \u201ccumpliendo la ley\u00bb y neg\u00f3 que [&hellip;]<\/p>\n","protected":false},"author":3,"featured_media":59204,"comment_status":"open","ping_status":"open","sticky":false,"template":"","format":"standard","meta":{"footnotes":""},"categories":[7,247],"tags":[],"class_list":["post-59203","post","type-post","status-publish","format-standard","has-post-thumbnail","hentry","category-ciudadanos","category-politica"],"amp_enabled":true,"_links":{"self":[{"href":"https:\/\/labestiapolitica.com.mx\/index.php?rest_route=\/wp\/v2\/posts\/59203","targetHints":{"allow":["GET"]}}],"collection":[{"href":"https:\/\/labestiapolitica.com.mx\/index.php?rest_route=\/wp\/v2\/posts"}],"about":[{"href":"https:\/\/labestiapolitica.com.mx\/index.php?rest_route=\/wp\/v2\/types\/post"}],"author":[{"embeddable":true,"href":"https:\/\/labestiapolitica.com.mx\/index.php?rest_route=\/wp\/v2\/users\/3"}],"replies":[{"embeddable":true,"href":"https:\/\/labestiapolitica.com.mx\/index.php?rest_route=%2Fwp%2Fv2%2Fcomments&post=59203"}],"version-history":[{"count":1,"href":"https:\/\/labestiapolitica.com.mx\/index.php?rest_route=\/wp\/v2\/posts\/59203\/revisions"}],"predecessor-version":[{"id":59205,"href":"https:\/\/labestiapolitica.com.mx\/index.php?rest_route=\/wp\/v2\/posts\/59203\/revisions\/59205"}],"wp:featuredmedia":[{"embeddable":true,"href":"https:\/\/labestiapolitica.com.mx\/index.php?rest_route=\/wp\/v2\/media\/59204"}],"wp:attachment":[{"href":"https:\/\/labestiapolitica.com.mx\/index.php?rest_route=%2Fwp%2Fv2%2Fmedia&parent=59203"}],"wp:term":[{"taxonomy":"category","embeddable":true,"href":"https:\/\/labestiapolitica.com.mx\/index.php?rest_route=%2Fwp%2Fv2%2Fcategories&post=59203"},{"taxonomy":"post_tag","embeddable":true,"href":"https:\/\/labestiapolitica.com.mx\/index.php?rest_route=%2Fwp%2Fv2%2Ftags&post=59203"}],"curies":[{"name":"wp","href":"https:\/\/api.w.org\/{rel}","templated":true}]}}