{"id":59206,"date":"2026-01-22T15:30:28","date_gmt":"2026-01-22T21:30:28","guid":{"rendered":"https:\/\/labestiapolitica.com.mx\/?p=59206"},"modified":"2026-01-22T15:30:28","modified_gmt":"2026-01-22T21:30:28","slug":"el-extrano-acompanamiento-de-rivera-a-rosas-en-apizaco","status":"publish","type":"post","link":"https:\/\/labestiapolitica.com.mx\/?p=59206","title":{"rendered":"El extra\u00f1o acompa\u00f1amiento de Rivera a Rosas en Apizaco"},"content":{"rendered":"<p>Israel Lara Garc\u00eda<\/p>\n<p>&nbsp;<\/p>\n<p>\u00bfQu\u00e9 tal amigos, c\u00f3mo est\u00e1n? BIENVENIDOS A TERRITORIO BESTIAL<\/p>\n<p>Pues efectivamente estamos en la planeaci\u00f3n para atender a m\u00e1s municipios, pero pues en derecho de r\u00e9plica tengo que contestar, f\u00edjense ustedes que EN D\u00cdAS PASADOS EN ESTE ESPACIO ABORDAMOS un tema delicado en Apizaco, en cuanto a \u00e9ste tema que se dio la identificaci\u00f3n de una de las personas halladas sin vida en Panotla, conocido como \u201cel pescado\u201d.<\/p>\n<p>En ese sentido desde Territorio Bestial, al igual que en otros espacios informativos, resaltamos la relaci\u00f3n familiar que exist\u00eda de esta persona con algunas personas del ayuntamiento y de hecho, en nuestra columna enfatizamos el v\u00ednculo del acaecido, con personas relacionadas con el Ayuntamiento de Apizaco, \u00a0derivado de esto, el Ayuntamiento de Apizaco, public\u00f3 un comunicado, all\u00ed categ\u00f3ricamente rechaz\u00f3 cualquier relaci\u00f3n entre el presidente municipal Javier Rivera Bonilla y los servidores p\u00fablicos del ayuntamiento de Apizaco.<\/p>\n<p><img loading=\"lazy\" decoding=\"async\" class=\"alignnone size-full wp-image-59207\" src=\"https:\/\/labestiapolitica.com.mx\/wp-content\/uploads\/2026\/01\/WhatsApp-Image-2026-01-22-at-1.37.28-PM.jpeg\" alt=\"\" width=\"535\" height=\"692\" srcset=\"https:\/\/labestiapolitica.com.mx\/wp-content\/uploads\/2026\/01\/WhatsApp-Image-2026-01-22-at-1.37.28-PM.jpeg 535w, https:\/\/labestiapolitica.com.mx\/wp-content\/uploads\/2026\/01\/WhatsApp-Image-2026-01-22-at-1.37.28-PM-232x300.jpeg 232w\" sizes=\"auto, (max-width: 535px) 100vw, 535px\" \/><\/p>\n<p>En dicha publicaci\u00f3n los comentarios participantes se manifestaron por la incredulidad del mismo, otros confirmaron la relaci\u00f3n sentimental entre una ex funcionaria y un funcionario, y algunos otros defendieron el aviso.<\/p>\n<p>Por lo que nos toca, har\u00e9mos contrarr\u00e9plica de la r\u00e9plica que hizo el gobierno municipal de Apizaco, entendiendo que la opini\u00f3n que desde aqu\u00ed se emiti\u00f3, est\u00e1 contemplada en el exhorto que se realiz\u00f3 a trav\u00e9s del comunicado municipal.<\/p>\n<p>Primero en nuestra colaboraci\u00f3n se\u00f1alamos que la persona fallecida, Humberto N. \u201cel pescado\u201d, era se\u00f1alado de haber llevado una relaci\u00f3n sentimental y vida en pareja con una mujer identificada en Redes Sociales como Ariana Rosas.<\/p>\n<p><img loading=\"lazy\" decoding=\"async\" class=\"alignnone size-full wp-image-59208\" src=\"https:\/\/labestiapolitica.com.mx\/wp-content\/uploads\/2026\/01\/WhatsApp-Image-2026-01-22-at-1.37.40-PM.jpeg\" alt=\"\" width=\"921\" height=\"204\" srcset=\"https:\/\/labestiapolitica.com.mx\/wp-content\/uploads\/2026\/01\/WhatsApp-Image-2026-01-22-at-1.37.40-PM.jpeg 921w, https:\/\/labestiapolitica.com.mx\/wp-content\/uploads\/2026\/01\/WhatsApp-Image-2026-01-22-at-1.37.40-PM-300x66.jpeg 300w, https:\/\/labestiapolitica.com.mx\/wp-content\/uploads\/2026\/01\/WhatsApp-Image-2026-01-22-at-1.37.40-PM-768x170.jpeg 768w\" sizes=\"auto, (max-width: 921px) 100vw, 921px\" \/><\/p>\n<p>Situaci\u00f3n denunciada desde diciembre de 2024<\/p>\n<p><a href=\"https:\/\/www.facebook.com\/DenunciaApizacoycomunidades\/posts\/pfbid02oQy7341K3RgkZ5zZunGjpLtbkr2TFsTe67mYL96yYNFeyidgFcPTr2LU44Urah3Jl\">https:\/\/www.facebook.com\/DenunciaApizacoycomunidades\/posts\/pfbid02oQy7341K3RgkZ5zZunGjpLtbkr2TFsTe67mYL96yYNFeyidgFcPTr2LU44Urah3Jl<\/a><\/p>\n<p>A su vez hija del ex candidato municipal, L\u00e1zaro rosas, quien en 2024 declin\u00f3 su candidatura emecista a favor del hoy alcalde.<\/p>\n<p><a href=\"https:\/\/www.periodicoenfoque.com.mx\/tlaxcala\/mc-se-retira-de-la-contienda-en-apizaco-y-respalda-al-favorito-en-las-elecciones\">https:\/\/www.periodicoenfoque.com.mx\/tlaxcala\/mc-se-retira-de-la-contienda-en-apizaco-y-respalda-al-favorito-en-las-elecciones<\/a><\/p>\n<p>&nbsp;<\/p>\n<p><img loading=\"lazy\" decoding=\"async\" class=\"alignnone size-full wp-image-59209\" src=\"https:\/\/labestiapolitica.com.mx\/wp-content\/uploads\/2026\/01\/WhatsApp-Image-2026-01-22-at-1.37.55-PM.jpeg\" alt=\"\" width=\"508\" height=\"590\" srcset=\"https:\/\/labestiapolitica.com.mx\/wp-content\/uploads\/2026\/01\/WhatsApp-Image-2026-01-22-at-1.37.55-PM.jpeg 508w, https:\/\/labestiapolitica.com.mx\/wp-content\/uploads\/2026\/01\/WhatsApp-Image-2026-01-22-at-1.37.55-PM-258x300.jpeg 258w\" sizes=\"auto, (max-width: 508px) 100vw, 508px\" \/><\/p>\n<p>Ahora m\u00e1s all\u00e1 de los comentarios en las redes en la informaci\u00f3n p\u00fablica, que se encuentra en la plataforma de transparencia, tanto Ariana Rosas, como L\u00e1zaro Rosas colaboran en el ayuntamiento de acuerdo al informe del \u00faltimo trimestre de 2024:<\/p>\n<p><img loading=\"lazy\" decoding=\"async\" class=\"alignnone size-full wp-image-59210\" src=\"https:\/\/labestiapolitica.com.mx\/wp-content\/uploads\/2026\/01\/WhatsApp-Image-2026-01-22-at-1.38.13-PM.jpeg\" alt=\"\" width=\"921\" height=\"404\" srcset=\"https:\/\/labestiapolitica.com.mx\/wp-content\/uploads\/2026\/01\/WhatsApp-Image-2026-01-22-at-1.38.13-PM.jpeg 921w, https:\/\/labestiapolitica.com.mx\/wp-content\/uploads\/2026\/01\/WhatsApp-Image-2026-01-22-at-1.38.13-PM-300x132.jpeg 300w, https:\/\/labestiapolitica.com.mx\/wp-content\/uploads\/2026\/01\/WhatsApp-Image-2026-01-22-at-1.38.13-PM-768x337.jpeg 768w\" sizes=\"auto, (max-width: 921px) 100vw, 921px\" \/><\/p>\n<p><img loading=\"lazy\" decoding=\"async\" class=\"alignnone size-full wp-image-59211\" src=\"https:\/\/labestiapolitica.com.mx\/wp-content\/uploads\/2026\/01\/WhatsApp-Image-2026-01-22-at-1.38.25-PM.jpeg\" alt=\"\" width=\"921\" height=\"370\" srcset=\"https:\/\/labestiapolitica.com.mx\/wp-content\/uploads\/2026\/01\/WhatsApp-Image-2026-01-22-at-1.38.25-PM.jpeg 921w, https:\/\/labestiapolitica.com.mx\/wp-content\/uploads\/2026\/01\/WhatsApp-Image-2026-01-22-at-1.38.25-PM-300x121.jpeg 300w, https:\/\/labestiapolitica.com.mx\/wp-content\/uploads\/2026\/01\/WhatsApp-Image-2026-01-22-at-1.38.25-PM-768x309.jpeg 768w\" sizes=\"auto, (max-width: 921px) 100vw, 921px\" \/><\/p>\n<p>Mire usted apreciable lector, lectora. Se entiende que dichas incorporaciones, son como correspondencia al apoyo en el proceso electoral de 2024. Ahora bien, querida comunidad lectora, reitero, lo que aqu\u00ed se se\u00f1al\u00f3, fue el destacar precisamente esas relaciones, que son de conocimiento p\u00fablico, y con la respuesta que emite el gobierno, nos da pie a comprobarles a ustedes a trav\u00e9s de las referencias, que el vinculo laboral existe.<\/p>\n<p>Entiendo que el presidente municipal se desmarque de las sospechas por v\u00ednculos de terceros, lo que no entiendo, porque en el mismo comunicado, deslinda a sus funcionarios, el aviso, es ENF\u00c1TICO, ni el PRESIDENTE, ni los SERVIDORES PUBLICOS est\u00e1n relacionados a la persona fallecida.<\/p>\n<p>Lo dec\u00eda en la video columna, o no se ha enterado de las m\u00faltiples denuncias ciudadanas que est\u00e1n en las redes sociales, o su equipo se lo ocult\u00f3, o lo sabe y lo niega.<\/p>\n<p>Varias preguntas<\/p>\n<ol>\n<li>\u00bfPor qu\u00e9 negarlo? \u00bfQu\u00e9 gana?<\/li>\n<li>\u00bfPor qu\u00e9 el desmarque de los hechos lo hace de manera conjunta?<\/li>\n<li>\u00bfPor qu\u00e9 los funcionarios a los que se les atribuye las relaciones familiares no hacen las correspondientes aclaraciones?<\/li>\n<li>Ya no digamos \u00bfPor qu\u00e9 no de manera moment\u00e1nea se apartan del encargo p\u00fablico a fin de que las aclaraciones correspondientes tomen su curso?<\/li>\n<li>\u00bfTendr\u00e1 claridad el alcalde Rivera, que de establecerse que alguno o los se\u00f1alamientos hechos, tienen certeza, su imagen estar\u00e1, ahora s\u00ed, ligada a este episodio?<\/li>\n<li>\u00bfTan valioso es el compromiso Rivera-Rosas que el alcalde est\u00e1 dispuesto a exponerse p\u00fablicamente, negar lo evidente y cargar con las consecuencias si la informaci\u00f3n manejada se confirmase?<\/li>\n<\/ol>\n<p>Estaremos atentos al desarrollo de la situaci\u00f3n, entre otras, para ver si incide en el cada vez mas cercano 2027 y por supuesto, quedamos abiertos a darle voz al gobierno de Apizaco por si desea agregar algo m\u00e1s al respecto, o por si acaso quiere responder a nuestras preguntas.<\/p>\n<p>Sigan con nosotros la huella en el sendero al 2027.<\/p>\n","protected":false},"excerpt":{"rendered":"<p>Israel Lara Garc\u00eda &nbsp; \u00bfQu\u00e9 tal amigos, c\u00f3mo est\u00e1n? BIENVENIDOS A TERRITORIO BESTIAL Pues efectivamente estamos en la planeaci\u00f3n para atender a m\u00e1s municipios, pero pues en derecho de r\u00e9plica tengo que contestar, f\u00edjense ustedes que EN D\u00cdAS PASADOS EN ESTE ESPACIO ABORDAMOS un tema delicado en Apizaco, en cuanto a \u00e9ste tema que se [&hellip;]<\/p>\n","protected":false},"author":3,"featured_media":59212,"comment_status":"open","ping_status":"open","sticky":false,"template":"","format":"standard","meta":{"footnotes":""},"categories":[12,6,247],"tags":[],"class_list":["post-59206","post","type-post","status-publish","format-standard","has-post-thumbnail","hentry","category-brujula-2026","category-opinion","category-politica"],"amp_enabled":true,"_links":{"self":[{"href":"https:\/\/labestiapolitica.com.mx\/index.php?rest_route=\/wp\/v2\/posts\/59206","targetHints":{"allow":["GET"]}}],"collection":[{"href":"https:\/\/labestiapolitica.com.mx\/index.php?rest_route=\/wp\/v2\/posts"}],"about":[{"href":"https:\/\/labestiapolitica.com.mx\/index.php?rest_route=\/wp\/v2\/types\/post"}],"author":[{"embeddable":true,"href":"https:\/\/labestiapolitica.com.mx\/index.php?rest_route=\/wp\/v2\/users\/3"}],"replies":[{"embeddable":true,"href":"https:\/\/labestiapolitica.com.mx\/index.php?rest_route=%2Fwp%2Fv2%2Fcomments&post=59206"}],"version-history":[{"count":1,"href":"https:\/\/labestiapolitica.com.mx\/index.php?rest_route=\/wp\/v2\/posts\/59206\/revisions"}],"predecessor-version":[{"id":59213,"href":"https:\/\/labestiapolitica.com.mx\/index.php?rest_route=\/wp\/v2\/posts\/59206\/revisions\/59213"}],"wp:featuredmedia":[{"embeddable":true,"href":"https:\/\/labestiapolitica.com.mx\/index.php?rest_route=\/wp\/v2\/media\/59212"}],"wp:attachment":[{"href":"https:\/\/labestiapolitica.com.mx\/index.php?rest_route=%2Fwp%2Fv2%2Fmedia&parent=59206"}],"wp:term":[{"taxonomy":"category","embeddable":true,"href":"https:\/\/labestiapolitica.com.mx\/index.php?rest_route=%2Fwp%2Fv2%2Fcategories&post=59206"},{"taxonomy":"post_tag","embeddable":true,"href":"https:\/\/labestiapolitica.com.mx\/index.php?rest_route=%2Fwp%2Fv2%2Ftags&post=59206"}],"curies":[{"name":"wp","href":"https:\/\/api.w.org\/{rel}","templated":true}]}}