{"id":59239,"date":"2026-01-22T18:09:42","date_gmt":"2026-01-23T00:09:42","guid":{"rendered":"https:\/\/labestiapolitica.com.mx\/?p=59239"},"modified":"2026-01-22T18:09:42","modified_gmt":"2026-01-23T00:09:42","slug":"silvano-garay-loredo-toma-protesta-ante-el-pleno-del-congreso-local-como-diputado-integrante-de-la-lxv-legislatura","status":"publish","type":"post","link":"https:\/\/labestiapolitica.com.mx\/?p=59239","title":{"rendered":"Silvano Garay Loredo toma protesta ante el Pleno del Congreso local como diputado integrante de la LXV Legislatura."},"content":{"rendered":"<p style=\"text-align: justify;\">El Pleno del Congreso del Estado de Tlaxcala aprob\u00f3 por unanimidad el Dictamen con Proyecto de Acuerdo presentado por la Comisi\u00f3n de Puntos Constitucionales, Gobernaci\u00f3n y Justicia y Asuntos Pol\u00edticos, mediante el cual se concedi\u00f3 licencia por tiempo indefinido al ciudadano Silvano Garay Ulloa para separarse del cargo de diputado propietario de la LXV Legislatura, dando pauta a la integraci\u00f3n de su suplente para asumir las funciones legislativas.<\/p>\n<p style=\"text-align: justify;\">Durante la exposici\u00f3n del Dictamen, la Comisi\u00f3n de Puntos Constitucionales, Gobernaci\u00f3n y Justicia y Asuntos Pol\u00edticos, presidida por el diputado Jaciel Gonz\u00e1lez Herrera, sostuvo que la solicitud de licencia de Garay Ulloa cumpli\u00f3 con los supuestos normativos previstos en la Constituci\u00f3n Pol\u00edtica del Estado Libre y Soberano de Tlaxcala, la Ley Org\u00e1nica del Poder Legislativo y el Reglamento Interior del Congreso del Estado.<\/p>\n<p style=\"text-align: justify;\">Derivado de dicha determinaci\u00f3n, este d\u00eda Silvano Garay Loredo rindi\u00f3 protesta de Ley ante el Pleno del Congreso del Estado y asumi\u00f3 el cargo de diputado en funciones de propietario.<\/p>\n<p style=\"text-align: justify;\">El Dictamen aprobado establece que la licencia concedida a Silvano Garay Ulloa surte efectos a partir del momento en que el diputado suplente rinda la protesta de Ley correspondiente, garantizando con ello la integraci\u00f3n plena de la LXV Legislatura del Congreso del Estado de Tlaxcala y la continuidad de los trabajos legislativos.<\/p>\n<p style=\"text-align: justify;\">El Acuerdo aprobado ser\u00e1 publicado en el Peri\u00f3dico Oficial del Gobierno del Estado de Tlaxcala, para los efectos legales conducentes.<\/p>\n","protected":false},"excerpt":{"rendered":"<p>El Pleno del Congreso del Estado de Tlaxcala aprob\u00f3 por unanimidad el Dictamen con Proyecto de Acuerdo presentado por la Comisi\u00f3n de Puntos Constitucionales, Gobernaci\u00f3n y Justicia y Asuntos Pol\u00edticos, mediante el cual se concedi\u00f3 licencia por tiempo indefinido al ciudadano Silvano Garay Ulloa para separarse del cargo de diputado propietario de la LXV Legislatura, [&hellip;]<\/p>\n","protected":false},"author":5,"featured_media":59240,"comment_status":"open","ping_status":"open","sticky":false,"template":"","format":"standard","meta":{"footnotes":""},"categories":[224],"tags":[],"class_list":["post-59239","post","type-post","status-publish","format-standard","has-post-thumbnail","hentry","category-congreso-del-estado-de-tlaxcala"],"amp_enabled":true,"_links":{"self":[{"href":"https:\/\/labestiapolitica.com.mx\/index.php?rest_route=\/wp\/v2\/posts\/59239","targetHints":{"allow":["GET"]}}],"collection":[{"href":"https:\/\/labestiapolitica.com.mx\/index.php?rest_route=\/wp\/v2\/posts"}],"about":[{"href":"https:\/\/labestiapolitica.com.mx\/index.php?rest_route=\/wp\/v2\/types\/post"}],"author":[{"embeddable":true,"href":"https:\/\/labestiapolitica.com.mx\/index.php?rest_route=\/wp\/v2\/users\/5"}],"replies":[{"embeddable":true,"href":"https:\/\/labestiapolitica.com.mx\/index.php?rest_route=%2Fwp%2Fv2%2Fcomments&post=59239"}],"version-history":[{"count":1,"href":"https:\/\/labestiapolitica.com.mx\/index.php?rest_route=\/wp\/v2\/posts\/59239\/revisions"}],"predecessor-version":[{"id":59241,"href":"https:\/\/labestiapolitica.com.mx\/index.php?rest_route=\/wp\/v2\/posts\/59239\/revisions\/59241"}],"wp:featuredmedia":[{"embeddable":true,"href":"https:\/\/labestiapolitica.com.mx\/index.php?rest_route=\/wp\/v2\/media\/59240"}],"wp:attachment":[{"href":"https:\/\/labestiapolitica.com.mx\/index.php?rest_route=%2Fwp%2Fv2%2Fmedia&parent=59239"}],"wp:term":[{"taxonomy":"category","embeddable":true,"href":"https:\/\/labestiapolitica.com.mx\/index.php?rest_route=%2Fwp%2Fv2%2Fcategories&post=59239"},{"taxonomy":"post_tag","embeddable":true,"href":"https:\/\/labestiapolitica.com.mx\/index.php?rest_route=%2Fwp%2Fv2%2Ftags&post=59239"}],"curies":[{"name":"wp","href":"https:\/\/api.w.org\/{rel}","templated":true}]}}