{"id":59269,"date":"2026-01-22T20:06:50","date_gmt":"2026-01-23T02:06:50","guid":{"rendered":"https:\/\/labestiapolitica.com.mx\/?p=59269"},"modified":"2026-01-22T20:06:50","modified_gmt":"2026-01-23T02:06:50","slug":"desde-davos-gobierno-de-mexico-perfila-a-tlaxcala-como-referente-nacional-en-economia-circular","status":"publish","type":"post","link":"https:\/\/labestiapolitica.com.mx\/?p=59269","title":{"rendered":"Desde davos, Gobierno de M\u00e9xico perfila a Tlaxcala como referente nacional en econom\u00eda circular."},"content":{"rendered":"<ul>\n<li style=\"text-align: justify;\">La entidad es considerada para albergar uno de los primeros Polos de Econom\u00eda Circular para el Bienestar, gracias a su modelo de manejo integral de residuos y al inter\u00e9s de inversi\u00f3n privada<\/li>\n<\/ul>\n<p style=\"text-align: justify;\">En el marco del Foro Econ\u00f3mico Mundial, en Davos, Suiza, la titular de la secretaria de Medio Ambiente y Recursos Naturales (Semarnat), Alicia B\u00e1rcena Ibarra, destac\u00f3 que uno de los retos prioritarios de M\u00e9xico es acelerar la transici\u00f3n de un modelo de econom\u00eda lineal hacia uno de econom\u00eda circular, a trav\u00e9s de los Polos de Desarrollo en Econom\u00eda Circular para el Bienestar (PODECIBI).<\/p>\n<p style=\"text-align: justify;\">Previo a su participaci\u00f3n en el foro, la secretaria federal de Medio Ambiente inform\u00f3 que Tlaxcala se encuentra entre las entidades consideradas para implementar uno de estos polos, debido a los avances que ha logrado en el manejo integral de residuos y su enfoque en sostenibilidad ambiental.<\/p>\n<p style=\"text-align: justify;\">Como parte de este proceso, el pasado 12 de enero, el secretario de Medio Ambiente de Tlaxcala, Pedro Aquino Alvarado, y el director de Desarrollo Sostenible, Juan Pablo Garc\u00eda Apango, sostuvieron una reuni\u00f3n de trabajo con autoridades federales, donde presentaron a la secretaria B\u00e1rcena los avances t\u00e9cnicos y normativos del proyecto para constituir el PODECIBI denominado \u201cNatalia Teniza Portillo\u201d.<\/p>\n<p style=\"text-align: justify;\">En seguimiento a estas gestiones, y por instrucci\u00f3n directa de la titular de Semarnat, el subsecretario de Desarrollo Sostenible y Econom\u00eda Circular, Jos\u00e9 Luis Samaniego, as\u00ed como el director general de Fomento y Desempe\u00f1o Urbano Ambiental, Germ\u00e1n Ruiz M\u00e9ndez, realizaron recientemente una visita a Tlaxcala junto con representantes de la empresa CEMEX, interesada en invertir en proyectos de econom\u00eda circular. Durante la visita se evalu\u00f3 el predio donde se prev\u00e9 instalar dicho polo.<\/p>\n<p style=\"text-align: justify;\">De manera paralela, la Secretar\u00eda de Medio Ambiente del estado (SMA) ha sostenido reuniones con la titular de la Unidad de Oficinas de Representaci\u00f3n y Gesti\u00f3n Territorial de la Semarnat, Gloria Sandoval Salas, con el objetivo de garantizar una coordinaci\u00f3n efectiva entre el gobierno federal y la representaci\u00f3n de Semarnat en Tlaxcala. Asimismo, se han establecido mesas de trabajo con Nacional Financiera y CEMEX para asegurar la viabilidad econ\u00f3mica del proyecto.<\/p>\n<p style=\"text-align: justify;\">Este esfuerzo se enmarca en la reciente publicaci\u00f3n de la Ley General de Econom\u00eda Circular, el pasado 19 de enero de 2026, la cual establece un nuevo paradigma para el pa\u00eds, que actualmente genera m\u00e1s de 100 mil toneladas de residuos diarios. La legislaci\u00f3n plantea el reto de transformar este esquema hacia uno que priorice el aprovechamiento, reciclaje y valorizaci\u00f3n de los residuos.<\/p>\n<p style=\"text-align: justify;\">En este contexto, el Congreso del Estado de Tlaxcala deber\u00e1 realizar las adecuaciones legales correspondientes para cumplir con el mandato que la nueva ley impone a las entidades federativas.<\/p>\n<p style=\"text-align: justify;\">Con la posible implementaci\u00f3n del PODECIBI \u201cNatalia Teniza Portillo\u201d, Tlaxcala se perfila como uno de los estados con mayores posibilidades de convertirse en referente nacional, al transitar de un modelo tradicional de gesti\u00f3n de residuos hacia un esquema integral de econom\u00eda circular orientado al bienestar social y al desarrollo sostenible.<\/p>\n","protected":false},"excerpt":{"rendered":"<p>La entidad es considerada para albergar uno de los primeros Polos de Econom\u00eda Circular para el Bienestar, gracias a su modelo de manejo integral de residuos y al inter\u00e9s de inversi\u00f3n privada En el marco del Foro Econ\u00f3mico Mundial, en Davos, Suiza, la titular de la secretaria de Medio Ambiente y Recursos Naturales (Semarnat), Alicia [&hellip;]<\/p>\n","protected":false},"author":5,"featured_media":59270,"comment_status":"open","ping_status":"open","sticky":false,"template":"","format":"standard","meta":{"footnotes":""},"categories":[236],"tags":[],"class_list":["post-59269","post","type-post","status-publish","format-standard","has-post-thumbnail","hentry","category-gobierno-de-tlaxcala"],"amp_enabled":true,"_links":{"self":[{"href":"https:\/\/labestiapolitica.com.mx\/index.php?rest_route=\/wp\/v2\/posts\/59269","targetHints":{"allow":["GET"]}}],"collection":[{"href":"https:\/\/labestiapolitica.com.mx\/index.php?rest_route=\/wp\/v2\/posts"}],"about":[{"href":"https:\/\/labestiapolitica.com.mx\/index.php?rest_route=\/wp\/v2\/types\/post"}],"author":[{"embeddable":true,"href":"https:\/\/labestiapolitica.com.mx\/index.php?rest_route=\/wp\/v2\/users\/5"}],"replies":[{"embeddable":true,"href":"https:\/\/labestiapolitica.com.mx\/index.php?rest_route=%2Fwp%2Fv2%2Fcomments&post=59269"}],"version-history":[{"count":1,"href":"https:\/\/labestiapolitica.com.mx\/index.php?rest_route=\/wp\/v2\/posts\/59269\/revisions"}],"predecessor-version":[{"id":59271,"href":"https:\/\/labestiapolitica.com.mx\/index.php?rest_route=\/wp\/v2\/posts\/59269\/revisions\/59271"}],"wp:featuredmedia":[{"embeddable":true,"href":"https:\/\/labestiapolitica.com.mx\/index.php?rest_route=\/wp\/v2\/media\/59270"}],"wp:attachment":[{"href":"https:\/\/labestiapolitica.com.mx\/index.php?rest_route=%2Fwp%2Fv2%2Fmedia&parent=59269"}],"wp:term":[{"taxonomy":"category","embeddable":true,"href":"https:\/\/labestiapolitica.com.mx\/index.php?rest_route=%2Fwp%2Fv2%2Fcategories&post=59269"},{"taxonomy":"post_tag","embeddable":true,"href":"https:\/\/labestiapolitica.com.mx\/index.php?rest_route=%2Fwp%2Fv2%2Ftags&post=59269"}],"curies":[{"name":"wp","href":"https:\/\/api.w.org\/{rel}","templated":true}]}}