{"id":59275,"date":"2026-01-22T20:11:16","date_gmt":"2026-01-23T02:11:16","guid":{"rendered":"https:\/\/labestiapolitica.com.mx\/?p=59275"},"modified":"2026-01-22T20:11:16","modified_gmt":"2026-01-23T02:11:16","slug":"tlaxcala-destaca-en-la-fitur-2026-con-cuatro-premios-airelibre-por-turismo-comunitario-y-sostenible","status":"publish","type":"post","link":"https:\/\/labestiapolitica.com.mx\/?p=59275","title":{"rendered":"Tlaxcala destaca en la FITUR 2026 con cuatro premios \u00abAirelibre\u00bb por turismo comunitario y sostenible."},"content":{"rendered":"<ul>\n<li style=\"text-align: justify;\">La entidad fue reconocida por Destino M\u00c9XICO con cuatro galardones que distinguen proyectos de turismo comunitario, rural y ambiental desarrollados en Hueyotlipan, Tlaxcala capital, Atltzayanca y Nanacamilpa_<\/li>\n<\/ul>\n<p style=\"text-align: justify;\">En el marco de la Feria Internacional de Turismo (FITUR) 2026, Tlaxcala fue reconocida al recibir cuatro Premios \u201cAireLibre\u201d, otorgados por la plataforma Destino M\u00c9XICO, distinci\u00f3n que destaca los proyectos tur\u00edsticos con alto valor comunitario, rural y sostenible que se impulsan en la entidad.<\/p>\n<p style=\"text-align: justify;\">Estos reconocimientos consolidan la proyecci\u00f3n del estado como un referente de turismo con identidad, arraigo territorial y participaci\u00f3n social, justo en uno de los escaparates tur\u00edsticos m\u00e1s importantes del mundo.<\/p>\n<p style=\"text-align: justify;\">Los galardones obtenidos reflejan la diversidad y riqueza del modelo tur\u00edstico tlaxcalteca.<\/p>\n<p style=\"text-align: justify;\">En la categor\u00eda Turismo Comunitario, el proyecto \u201cHuellas sobre el camino grande\u201d, impulsado por Doris Elena Mac\u00edas Garc\u00eda, en el municipio de Hueyotlipan, fue reconocido por su enfoque en la memoria hist\u00f3rica, el trabajo colectivo y la apropiaci\u00f3n comunitaria del territorio.<\/p>\n<p style=\"text-align: justify;\">En Haciendas de M\u00e9xico, el proyecto \u201cDescubre la magia de las haciendas ganaderas en Tlaxcala\u201d, encabezado por Jos\u00e9 Alberto Tenorio Gonz\u00e1lez, destac\u00f3 por revalorar el patrimonio productivo y arquitect\u00f3nico del estado.<\/p>\n<p style=\"text-align: justify;\">Asimismo, en la categor\u00eda Turismo Rural, \u201cLa Ruta del Durazno\u201d, desarrollada por Beatriz Lima Romero en Atltzayanca, fue reconocida por vincular la actividad tur\u00edstica con el campo, la producci\u00f3n local y las tradiciones agr\u00edcolas.<\/p>\n<p style=\"text-align: justify;\">En Turismo Objetivo Sostenible, el proyecto \u201cEl Maguey y la Luci\u00e9rnaga\u201d, liderado por Rodolfo del Razo, en Nanacamilpa, sobresali\u00f3 por su enfoque de conservaci\u00f3n ambiental, uso responsable de los recursos naturales y educaci\u00f3n tur\u00edstica.<\/p>\n<p style=\"text-align: justify;\">Los reconocimientos entregados en el contexto de FITUR 2026 reflejan que Tlaxcala apuesta por el turismo sostenible, comunitario y con identidad, donde las y los habitantes son protagonistas del desarrollo.<\/p>\n<p style=\"text-align: justify;\">La presencia del estado en esta feria internacional no solo promueve sus atractivos, sino que visibiliza proyectos locales exitosos que convierten al turismo en una herramienta de bienestar, preservaci\u00f3n cultural y crecimiento econ\u00f3mico para las comunidades tlaxcaltecas.<\/p>\n","protected":false},"excerpt":{"rendered":"<p>La entidad fue reconocida por Destino M\u00c9XICO con cuatro galardones que distinguen proyectos de turismo comunitario, rural y ambiental desarrollados en Hueyotlipan, Tlaxcala capital, Atltzayanca y Nanacamilpa_ En el marco de la Feria Internacional de Turismo (FITUR) 2026, Tlaxcala fue reconocida al recibir cuatro Premios \u201cAireLibre\u201d, otorgados por la plataforma Destino M\u00c9XICO, distinci\u00f3n que destaca [&hellip;]<\/p>\n","protected":false},"author":5,"featured_media":59276,"comment_status":"open","ping_status":"open","sticky":false,"template":"","format":"standard","meta":{"footnotes":""},"categories":[236],"tags":[],"class_list":["post-59275","post","type-post","status-publish","format-standard","has-post-thumbnail","hentry","category-gobierno-de-tlaxcala"],"amp_enabled":true,"_links":{"self":[{"href":"https:\/\/labestiapolitica.com.mx\/index.php?rest_route=\/wp\/v2\/posts\/59275","targetHints":{"allow":["GET"]}}],"collection":[{"href":"https:\/\/labestiapolitica.com.mx\/index.php?rest_route=\/wp\/v2\/posts"}],"about":[{"href":"https:\/\/labestiapolitica.com.mx\/index.php?rest_route=\/wp\/v2\/types\/post"}],"author":[{"embeddable":true,"href":"https:\/\/labestiapolitica.com.mx\/index.php?rest_route=\/wp\/v2\/users\/5"}],"replies":[{"embeddable":true,"href":"https:\/\/labestiapolitica.com.mx\/index.php?rest_route=%2Fwp%2Fv2%2Fcomments&post=59275"}],"version-history":[{"count":1,"href":"https:\/\/labestiapolitica.com.mx\/index.php?rest_route=\/wp\/v2\/posts\/59275\/revisions"}],"predecessor-version":[{"id":59277,"href":"https:\/\/labestiapolitica.com.mx\/index.php?rest_route=\/wp\/v2\/posts\/59275\/revisions\/59277"}],"wp:featuredmedia":[{"embeddable":true,"href":"https:\/\/labestiapolitica.com.mx\/index.php?rest_route=\/wp\/v2\/media\/59276"}],"wp:attachment":[{"href":"https:\/\/labestiapolitica.com.mx\/index.php?rest_route=%2Fwp%2Fv2%2Fmedia&parent=59275"}],"wp:term":[{"taxonomy":"category","embeddable":true,"href":"https:\/\/labestiapolitica.com.mx\/index.php?rest_route=%2Fwp%2Fv2%2Fcategories&post=59275"},{"taxonomy":"post_tag","embeddable":true,"href":"https:\/\/labestiapolitica.com.mx\/index.php?rest_route=%2Fwp%2Fv2%2Ftags&post=59275"}],"curies":[{"name":"wp","href":"https:\/\/api.w.org\/{rel}","templated":true}]}}