{"id":59278,"date":"2026-01-22T20:15:46","date_gmt":"2026-01-23T02:15:46","guid":{"rendered":"https:\/\/labestiapolitica.com.mx\/?p=59278"},"modified":"2026-01-22T20:15:46","modified_gmt":"2026-01-23T02:15:46","slug":"moby-dick-llega-a-tlaxcala-para-acercar-las-artes-escenicas","status":"publish","type":"post","link":"https:\/\/labestiapolitica.com.mx\/?p=59278","title":{"rendered":"Moby Dick llega a Tlaxcala para acercar las artes esc\u00e9nicas."},"content":{"rendered":"<ul>\n<li style=\"text-align: justify;\">La Secretar\u00eda de Cultura de Tlaxcala impulsa el acceso a expresiones art\u00edsticas con una puesta en escena gratuita dirigida a infancias, juventudes y familias_<\/li>\n<\/ul>\n<p style=\"text-align: justify;\">La Secretar\u00eda de Cultura de Tlaxcala, en coordinaci\u00f3n con el Instituto Mexicano del Seguro Social (IMSS) y el Instituto Nacional de Bellas Artes y Literatura, invita al p\u00fablico a disfrutar de \u201cMoby Dick\u201d (Fomento a la lectura), una propuesta esc\u00e9nica gratuita presentada por la compa\u00f1\u00eda Lag\u00fa Danza, con el objetivo de acercar las expresiones art\u00edsticas a la poblaci\u00f3n y promover el gusto por la lectura desde experiencias accesibles,<\/p>\n<p style=\"text-align: justify;\">La puesta en escena forma parte del programa Escenarios IMSS\u2013Cultura 2025\u20132026 y ofrece una adaptaci\u00f3n libre del cl\u00e1sico de Herman Melville, bajo la direcci\u00f3n de Erika Cecilia M\u00e9ndez Ure\u00f1a.<\/p>\n<p style=\"text-align: justify;\">A trav\u00e9s de la danza contempor\u00e1nea, el teatro f\u00edsico y recursos l\u00fadicos, la obra propone una forma cercana y sensible de vincular a las audiencias con la literatura, especialmente a ni\u00f1as, ni\u00f1os y j\u00f3venes.<\/p>\n<p style=\"text-align: justify;\">Con m\u00e1s de una d\u00e9cada de trayectoria y m\u00e1s de 200 funciones en distintos escenarios del pa\u00eds, la compa\u00f1\u00eda Lag\u00fa Danza reafirma, junto con la Secretar\u00eda de Cultura, el compromiso de democratizar el acceso al arte y fortalecer la formaci\u00f3n cultural, llevando propuestas de calidad a p\u00fablicos diversos y fomentando el encuentro entre la lectura y las artes esc\u00e9nicas.<\/p>\n<p style=\"text-align: justify;\">Moby Dick (Fomento a la lectura) se presentar\u00e1 en el Teatro \u201cLic. Ignacio Garc\u00eda T\u00e9llez\u201d del IMSS, ubicado en el centro de la capital, este viernes 23 de enero de 2026, con funciones a las 11:00 y 16:00 horas, y el s\u00e1bado 24 de enero, a las 13:00 horas, todas con acceso gratuito.<\/p>\n<p style=\"text-align: justify;\">Con esta actividad, la Secretar\u00eda de Cultura de Tlaxcala refrenda su apuesta por llevar el arte fuera de los circuitos tradicionales y convertirlo en una experiencia cercana, formativa y compartida, donde la escena, el movimiento y la literatura se convierten en herramientas para fortalecer el tejido cultural y ampliar el acceso de la ciudadan\u00eda a expresiones art\u00edsticas de calidad.<\/p>\n","protected":false},"excerpt":{"rendered":"<p>La Secretar\u00eda de Cultura de Tlaxcala impulsa el acceso a expresiones art\u00edsticas con una puesta en escena gratuita dirigida a infancias, juventudes y familias_ La Secretar\u00eda de Cultura de Tlaxcala, en coordinaci\u00f3n con el Instituto Mexicano del Seguro Social (IMSS) y el Instituto Nacional de Bellas Artes y Literatura, invita al p\u00fablico a disfrutar de [&hellip;]<\/p>\n","protected":false},"author":5,"featured_media":59279,"comment_status":"open","ping_status":"open","sticky":false,"template":"","format":"standard","meta":{"footnotes":""},"categories":[7,236],"tags":[],"class_list":["post-59278","post","type-post","status-publish","format-standard","has-post-thumbnail","hentry","category-ciudadanos","category-gobierno-de-tlaxcala"],"amp_enabled":true,"_links":{"self":[{"href":"https:\/\/labestiapolitica.com.mx\/index.php?rest_route=\/wp\/v2\/posts\/59278","targetHints":{"allow":["GET"]}}],"collection":[{"href":"https:\/\/labestiapolitica.com.mx\/index.php?rest_route=\/wp\/v2\/posts"}],"about":[{"href":"https:\/\/labestiapolitica.com.mx\/index.php?rest_route=\/wp\/v2\/types\/post"}],"author":[{"embeddable":true,"href":"https:\/\/labestiapolitica.com.mx\/index.php?rest_route=\/wp\/v2\/users\/5"}],"replies":[{"embeddable":true,"href":"https:\/\/labestiapolitica.com.mx\/index.php?rest_route=%2Fwp%2Fv2%2Fcomments&post=59278"}],"version-history":[{"count":1,"href":"https:\/\/labestiapolitica.com.mx\/index.php?rest_route=\/wp\/v2\/posts\/59278\/revisions"}],"predecessor-version":[{"id":59280,"href":"https:\/\/labestiapolitica.com.mx\/index.php?rest_route=\/wp\/v2\/posts\/59278\/revisions\/59280"}],"wp:featuredmedia":[{"embeddable":true,"href":"https:\/\/labestiapolitica.com.mx\/index.php?rest_route=\/wp\/v2\/media\/59279"}],"wp:attachment":[{"href":"https:\/\/labestiapolitica.com.mx\/index.php?rest_route=%2Fwp%2Fv2%2Fmedia&parent=59278"}],"wp:term":[{"taxonomy":"category","embeddable":true,"href":"https:\/\/labestiapolitica.com.mx\/index.php?rest_route=%2Fwp%2Fv2%2Fcategories&post=59278"},{"taxonomy":"post_tag","embeddable":true,"href":"https:\/\/labestiapolitica.com.mx\/index.php?rest_route=%2Fwp%2Fv2%2Ftags&post=59278"}],"curies":[{"name":"wp","href":"https:\/\/api.w.org\/{rel}","templated":true}]}}