{"id":59281,"date":"2026-01-22T20:24:11","date_gmt":"2026-01-23T02:24:11","guid":{"rendered":"https:\/\/labestiapolitica.com.mx\/?p=59281"},"modified":"2026-01-22T20:24:11","modified_gmt":"2026-01-23T02:24:11","slug":"pleno-de-la-lxv-legislatura-aprueba-la-convocatoria-de-la-presea-jose-aramburu-garreta-2026","status":"publish","type":"post","link":"https:\/\/labestiapolitica.com.mx\/?p=59281","title":{"rendered":"Pleno de la LXV Legislatura, aprueba la convocatoria de la Presea \u201cJos\u00e9 Ar\u00e1mburu Garreta 2026\u201d."},"content":{"rendered":"<p style=\"font-weight: 400; text-align: justify;\">El Pleno del Congreso del Estado de Tlaxcala aprob\u00f3 por unanimidad la convocatoria para la entrega de la Presea \u201cJos\u00e9 Ar\u00e1mburu Garreta 2026\u201d, reconocimiento que distingue la trayectoria de personas cuya labor en los \u00e1mbitos de la literatura y la historia ha generado un impacto social significativo en la entidad. La iniciativa fue presentada por la Comisi\u00f3n de Educaci\u00f3n, Cultura, Ciencia y Tecnolog\u00eda de la LXV Legislatura.<\/p>\n<p style=\"font-weight: 400; text-align: justify;\">Durante la sesi\u00f3n, la Iniciativa fue le\u00edda en tribuna por los diputados Jaciel Gonz\u00e1lez Herrera y Emilio De la Pe\u00f1a Aponte, integrantes de la citada Comisi\u00f3n, quienes destacaron que la emisi\u00f3n de esta convocatoria da cumplimiento a los decretos que dieron origen a la presea y reafirma el compromiso del Poder Legislativo con la promoci\u00f3n de la cultura, la educaci\u00f3n y la memoria hist\u00f3rica de Tlaxcala.<\/p>\n<p style=\"font-weight: 400; text-align: justify;\">De acuerdo con la convocatoria aprobada, podr\u00e1n participar personas que de manera individual o a trav\u00e9s de instituciones o asociaciones culturales, que acrediten una trayectoria comprobable en actividades literarias o de investigaci\u00f3n hist\u00f3rica con beneficio social para el Estado.<\/p>\n<p style=\"font-weight: 400; text-align: justify;\">Las personas interesadas deber\u00e1n presentar solicitud, curr\u00edculum documentado, identificaci\u00f3n oficial y formato de inscripci\u00f3n, quedando excluidas aquellas que hayan sido galardonadas en ediciones anteriores, la documentaci\u00f3n se\u00f1alada deber\u00e1 ser presentada en el cub\u00edculo del Diputado Presidente de la Comisi\u00f3n de Educaci\u00f3n, Cultura, Ciencia y Tecnolog\u00eda del Congreso del Estado.<\/p>\n<p style=\"font-weight: 400; text-align: justify;\">El registro de candidaturas permanecer\u00e1 abierto a partir de la publicaci\u00f3n de la convocatoria y hasta el 10 de abril de 2026, de conformidad con lo establecido en la Convocatoria.<\/p>\n","protected":false},"excerpt":{"rendered":"<p>El Pleno del Congreso del Estado de Tlaxcala aprob\u00f3 por unanimidad la convocatoria para la entrega de la Presea \u201cJos\u00e9 Ar\u00e1mburu Garreta 2026\u201d, reconocimiento que distingue la trayectoria de personas cuya labor en los \u00e1mbitos de la literatura y la historia ha generado un impacto social significativo en la entidad. La iniciativa fue presentada por [&hellip;]<\/p>\n","protected":false},"author":5,"featured_media":59282,"comment_status":"open","ping_status":"open","sticky":false,"template":"","format":"standard","meta":{"footnotes":""},"categories":[224],"tags":[],"class_list":["post-59281","post","type-post","status-publish","format-standard","has-post-thumbnail","hentry","category-congreso-del-estado-de-tlaxcala"],"amp_enabled":true,"_links":{"self":[{"href":"https:\/\/labestiapolitica.com.mx\/index.php?rest_route=\/wp\/v2\/posts\/59281","targetHints":{"allow":["GET"]}}],"collection":[{"href":"https:\/\/labestiapolitica.com.mx\/index.php?rest_route=\/wp\/v2\/posts"}],"about":[{"href":"https:\/\/labestiapolitica.com.mx\/index.php?rest_route=\/wp\/v2\/types\/post"}],"author":[{"embeddable":true,"href":"https:\/\/labestiapolitica.com.mx\/index.php?rest_route=\/wp\/v2\/users\/5"}],"replies":[{"embeddable":true,"href":"https:\/\/labestiapolitica.com.mx\/index.php?rest_route=%2Fwp%2Fv2%2Fcomments&post=59281"}],"version-history":[{"count":1,"href":"https:\/\/labestiapolitica.com.mx\/index.php?rest_route=\/wp\/v2\/posts\/59281\/revisions"}],"predecessor-version":[{"id":59283,"href":"https:\/\/labestiapolitica.com.mx\/index.php?rest_route=\/wp\/v2\/posts\/59281\/revisions\/59283"}],"wp:featuredmedia":[{"embeddable":true,"href":"https:\/\/labestiapolitica.com.mx\/index.php?rest_route=\/wp\/v2\/media\/59282"}],"wp:attachment":[{"href":"https:\/\/labestiapolitica.com.mx\/index.php?rest_route=%2Fwp%2Fv2%2Fmedia&parent=59281"}],"wp:term":[{"taxonomy":"category","embeddable":true,"href":"https:\/\/labestiapolitica.com.mx\/index.php?rest_route=%2Fwp%2Fv2%2Fcategories&post=59281"},{"taxonomy":"post_tag","embeddable":true,"href":"https:\/\/labestiapolitica.com.mx\/index.php?rest_route=%2Fwp%2Fv2%2Ftags&post=59281"}],"curies":[{"name":"wp","href":"https:\/\/api.w.org\/{rel}","templated":true}]}}