{"id":59295,"date":"2026-01-23T07:32:28","date_gmt":"2026-01-23T13:32:28","guid":{"rendered":"https:\/\/labestiapolitica.com.mx\/?p=59295"},"modified":"2026-01-23T10:11:08","modified_gmt":"2026-01-23T16:11:08","slug":"cumplir-la-ley-o-perpetuar-el-nepotismo-el-caso-garay","status":"publish","type":"post","link":"https:\/\/labestiapolitica.com.mx\/?p=59295","title":{"rendered":"\u00bf\u00bbCumplir la Ley\u00bb o Perpetuar el Nepotismo? El Caso Garay"},"content":{"rendered":"<p style=\"text-align: justify;\">Ayer, en el Congreso de Tlaxcala, asistimos a un espect\u00e1culo que, bajo el fr\u00edo ropaje de la formalidad legislativa, consagr\u00f3 una pr\u00e1ctica que pudre los cimientos de la democracia: la transmisi\u00f3n hereditaria del poder. Con la un\u00e1nime complicidad de 18 legisladores, Silvano Garay Ulloa \u201ccedi\u00f3\u201d su curul, y quien tom\u00f3 posesi\u00f3n no fue un ciudadano electo por emergencia, sino su propio hijo, Silvano Garay Loredo.<\/p>\n<p class=\"p2\" style=\"text-align: justify;\"><span class=\"s1\">El procedimiento, nos dicen, es impecable. La licencia indefinida est\u00e1 prevista, llamar al suplente es obligatorio. El joven Garay Loredo lo repite como un mantra: \u201cSe est\u00e1 cumpliendo la ley\u201d. Y t\u00e9cnicamente, puede que tenga raz\u00f3n. Ah\u00ed reside precisamente el n\u00facleo del problema: la utilizaci\u00f3n de un marco legal, dise\u00f1ado para garantizar la continuidad institucional, para blindar y perpetuar el nepotismo.<\/span><\/p>\n<p class=\"p2\" style=\"text-align: justify;\"><span class=\"s1\">Porque este no es un caso aislado. Es la punta del iceberg de un sistema pol\u00edtico tlaxcalteca enfermo, donde los apellidos se convierten en marcas registradas de feudos pol\u00edticos. El estado, lamentablemente, es un cat\u00e1logo de dinast\u00edas donde el poder no se debate en las ideas, se traspasa en la sangre. El PT, en este episodio, no es una excepci\u00f3n; es un ejemplo m\u00e1s de una regla no escrita pero f\u00e9rreamente aplicada: el cargo es un patrimonio familiar.<\/span><\/p>\n<p class=\"p2\" style=\"text-align: justify;\"><span class=\"s1\">La argumentaci\u00f3n del nuevo diputado es tan c\u00ednica como reveladora. Apela al orgullo filial (\u201c\u00bfQu\u00e9 hijo no est\u00e1 orgulloso de su padre?\u201d) para enmarcar un acto de clara concentraci\u00f3n de influencia. Confunde lo leg\u00edtimo (el amor familiar) con lo ileg\u00edtimo (la herencia de un cargo de representaci\u00f3n popular). Un esca\u00f1o no es una herencia, como una finca o un apellido. Es un mandato temporal y revocable conferido por la soberan\u00eda popular, no por la consanguinidad.<\/span><\/p>\n<p class=\"p2\" style=\"text-align: justify;\"><span class=\"s1\">M\u00e1s all\u00e1 de la an\u00e9cdota de los Garay, este hecho simboliza la captura de las instituciones por grupos familiares que las vac\u00edan de su esencia. La pol\u00edtica deja de ser un espacio de competencia por proyectos para convertirse en un mecanismo de sucesi\u00f3n. Se cierra el c\u00edrculo: los mismos apellidos, los mismos grupos, el mismo poder, rotando entre primos, hermanos, hijos, cu\u00f1ados. La \u201ccontinuidad de labores\u201d de la que hablan no es la de un programa de gobierno, sino la de un apellido en el padr\u00f3n de beneficiarios.<\/span><\/p>\n<p class=\"p2\" style=\"text-align: justify;\"><span class=\"s1\">El PT en Tlaxcala puede llamarse \u201cpueblo\u201d, como afirma Garay Loredo, pero sus acciones hablan m\u00e1s claro: cuando la oportunidad surge, elige al hijo del propietario. La \u201capertura\u201d que pregona suena hueca cuando la puerta se abre primero y con preferencia para los de casa.<\/span><\/p>\n<p class=\"p2\" style=\"text-align: justify;\"><span class=\"s1\">La pregunta final<span class=\"Apple-converted-space\">\u00a0 <\/span>y que los legisladores evaden, es crucial: \u00bfEs esto \u00e9tico? La legalidad no es sin\u00f3nimo de legitimidad. Un acto puede estar dentro de un reglamento y ser, al mismo tiempo, un atentado contra la equidad, la meritocracia y la sana competencia democr\u00e1tica. Lo ocurrido ayer no fortalece la \u201cintegridad de la Legislatura\u201d, como alega el acuerdo. La debilita, al mostrar que sus esca\u00f1os pueden convertirse en bienes intransferibles de una familia.<\/span><\/p>\n<p class=\"p2\" style=\"text-align: justify;\"><span class=\"s1\">Tlaxcala merece m\u00e1s. Merece una pol\u00edtica donde los apellidos no sean un requisito en la boleta, donde las curules se ganen con trabajo y propuestas, no se hereden por conveniencia. Mientras los partidos, todos, sancionen estas pr\u00e1cticas con su silencio o su voto un\u00e1nime, la democracia tlaxcalteca seguir\u00e1 siendo, s\u00f3lo de nombre, un gobierno del pueblo. Porque en los hechos, parece ser un gobierno de unas cuantas familias, hoy el PT tiene apellido y es \u201cGaray\u201d. Se lo digo as\u00ed, sin retoques<span class=\"Apple-converted-space\">\u00a0 <\/span>ni maquillaje. <\/span><\/p>\n","protected":false},"excerpt":{"rendered":"<p>Ayer, en el Congreso de Tlaxcala, asistimos a un espect\u00e1culo que, bajo el fr\u00edo ropaje de la formalidad legislativa, consagr\u00f3 una pr\u00e1ctica que pudre los cimientos de la democracia: la transmisi\u00f3n hereditaria del poder. Con la un\u00e1nime complicidad de 18 legisladores, Silvano Garay Ulloa \u201ccedi\u00f3\u201d su curul, y quien tom\u00f3 posesi\u00f3n no fue un ciudadano [&hellip;]<\/p>\n","protected":false},"author":6,"featured_media":59296,"comment_status":"open","ping_status":"open","sticky":false,"template":"","format":"standard","meta":{"footnotes":""},"categories":[3,6],"tags":[],"class_list":["post-59295","post","type-post","status-publish","format-standard","has-post-thumbnail","hentry","category-8-columnas","category-opinion"],"amp_enabled":true,"_links":{"self":[{"href":"https:\/\/labestiapolitica.com.mx\/index.php?rest_route=\/wp\/v2\/posts\/59295","targetHints":{"allow":["GET"]}}],"collection":[{"href":"https:\/\/labestiapolitica.com.mx\/index.php?rest_route=\/wp\/v2\/posts"}],"about":[{"href":"https:\/\/labestiapolitica.com.mx\/index.php?rest_route=\/wp\/v2\/types\/post"}],"author":[{"embeddable":true,"href":"https:\/\/labestiapolitica.com.mx\/index.php?rest_route=\/wp\/v2\/users\/6"}],"replies":[{"embeddable":true,"href":"https:\/\/labestiapolitica.com.mx\/index.php?rest_route=%2Fwp%2Fv2%2Fcomments&post=59295"}],"version-history":[{"count":1,"href":"https:\/\/labestiapolitica.com.mx\/index.php?rest_route=\/wp\/v2\/posts\/59295\/revisions"}],"predecessor-version":[{"id":59297,"href":"https:\/\/labestiapolitica.com.mx\/index.php?rest_route=\/wp\/v2\/posts\/59295\/revisions\/59297"}],"wp:featuredmedia":[{"embeddable":true,"href":"https:\/\/labestiapolitica.com.mx\/index.php?rest_route=\/wp\/v2\/media\/59296"}],"wp:attachment":[{"href":"https:\/\/labestiapolitica.com.mx\/index.php?rest_route=%2Fwp%2Fv2%2Fmedia&parent=59295"}],"wp:term":[{"taxonomy":"category","embeddable":true,"href":"https:\/\/labestiapolitica.com.mx\/index.php?rest_route=%2Fwp%2Fv2%2Fcategories&post=59295"},{"taxonomy":"post_tag","embeddable":true,"href":"https:\/\/labestiapolitica.com.mx\/index.php?rest_route=%2Fwp%2Fv2%2Ftags&post=59295"}],"curies":[{"name":"wp","href":"https:\/\/api.w.org\/{rel}","templated":true}]}}