{"id":59325,"date":"2026-01-23T13:05:24","date_gmt":"2026-01-23T19:05:24","guid":{"rendered":"https:\/\/labestiapolitica.com.mx\/?p=59325"},"modified":"2026-01-23T13:06:19","modified_gmt":"2026-01-23T19:06:19","slug":"llama-pri-a-union-para-frenar-a-morena-en-tlaxcala-y-el-pais","status":"publish","type":"post","link":"https:\/\/labestiapolitica.com.mx\/?p=59325","title":{"rendered":"Llama PRI  a la uni\u00f3n para \u00abfrenar a Morena\u00bb en Tlaxcala y el pa\u00eds"},"content":{"rendered":"<blockquote>\n<p class=\"p1\" style=\"text-align: justify;\">El secretario de organizaci\u00f3n Jorge Meade reconoci\u00f3 debilidades del partido<\/p>\n<\/blockquote>\n<p class=\"p1\" style=\"text-align: justify;\"><span class=\"s1\">Ana S\u00e1nchez \/\/ Jorge Meade Ocaranza, secretario de Organizaci\u00f3n del Comit\u00e9 Ejecutivo Nacional (CEN) del Partido Revolucionario Institucional (PRI), visit\u00f3 Tlaxcala con un discurso de autocr\u00edtica, un llamado a la unidad opositora y un duro ataque contra el gobierno federal y Morena.<\/span><\/p>\n<p class=\"p1\" style=\"text-align: justify;\"><span class=\"s1\">Ante simpatizantes, Meade Ocaranza diagnostic\u00f3: \u00abreconocemos que un tiempo abandonamos las estructuras\u00bb, subray\u00f3 que la renovaci\u00f3n del partido, desde las secciones electorales, es fundamental para la \u00abcompetencia del 27\u00bb, refiri\u00e9ndose a las pr\u00f3ximas elecciones federales. <\/span><\/p>\n<p class=\"p1\" style=\"text-align: justify;\"><span class=\"s1\">\u00abHoy est\u00e1 en juego recuperar el pa\u00eds, y eso inicia a trav\u00e9s de la C\u00e1mara de Diputados federal\u00bb, afirm\u00f3, marcando el 2027 como un objetivo crucial para frenar lo que llam\u00f3 \u00abuna dictadura\u00bb del actual gobierno.<\/span><\/p>\n<p class=\"p1\" style=\"text-align: justify;\"><span class=\"s1\">El dirigente nacional carg\u00f3 contra el partido en el poder, asegur\u00f3 que Morena es el \u00abbrazo electoral\u00bb de un gobierno que, a su decir, se sostiene por la \u00abcomplicidad\u00bb con el crimen organizado y por \u00abcondicionar\u00bb los programas sociales, \u00abya no lo dice el PRI, lo dicen a nivel internacional: este es un gobierno que lo sostiene el narco\u00bb, sentenci\u00f3.<\/span><\/p>\n<p class=\"p1\" style=\"text-align: justify;\"><span class=\"s1\">Acus\u00f3 a Morena de haber olvidado su discurso de campa\u00f1a sobre equidad y de buscar ahora una \u00abreforma electoral inequitativa\u00bb para garantizar su continuidad, critic\u00f3 la gesti\u00f3n de Morena, asegurando que la \u00abnarrativa\u00bb oficial choca con la realidad en seguridad, salud e infraestructura, \u00abnos hablan que va avanzando la seguridad cuando en todo el pa\u00eds, en las calles, la poblaci\u00f3n dice lo contrario\u00bb, manifest\u00f3.<\/span><\/p>\n<p class=\"p1\" style=\"text-align: justify;\"><span class=\"s1\">Frente a este escenario, Meade Ocaranza pidi\u00f3 al PRI ser \u00abun partido opositor con propuestas, cercano a los ciudadanos\u00bb, anunci\u00f3 que el partido, bajo la direcci\u00f3n del presidente nacional Alejandro Moreno, est\u00e1 \u00abdevolviendo el poder pol\u00edtico\u00bb a los estados para construir candidaturas desde las bases, \u00abqueremos tener candidatas y candidatos j\u00f3venes&#8230; que los construyamos desde abajo\u00bb, dijo.<\/span><\/p>\n<p class=\"p1\" style=\"text-align: justify;\"><span class=\"s1\">Reconoci\u00f3 el trabajo del comit\u00e9 estatal dirigido por Enrique Padilla \u00a0y desde el senado por Anabell \u00c1valos Zempoalteca, y enfatiz\u00f3 la necesidad de un \u00abtrabajo sistem\u00e1tico, sin simulaciones\u00bb, el objetivo es claro: \u00abVamos a buscar ganar la gubernatura\u00bb, dej\u00f3 abierta la puerta a coaliciones, pero con una condici\u00f3n: \u00absi no se entiende por los otros partidos que ganarle a Morena es una responsabilidad&#8230;\u00bb. <\/span><\/p>\n<p class=\"p1\" style=\"text-align: justify;\"><span class=\"s1\">El l\u00edder nacional anunci\u00f3 la pr\u00f3xima instalaci\u00f3n de mesas de estrategia electoral en todos los estados, incluido Tlaxcala, para definir la ruta hacia 2027.<\/span><\/p>\n","protected":false},"excerpt":{"rendered":"<p>El secretario de organizaci\u00f3n Jorge Meade reconoci\u00f3 debilidades del partido Ana S\u00e1nchez \/\/ Jorge Meade Ocaranza, secretario de Organizaci\u00f3n del Comit\u00e9 Ejecutivo Nacional (CEN) del Partido Revolucionario Institucional (PRI), visit\u00f3 Tlaxcala con un discurso de autocr\u00edtica, un llamado a la unidad opositora y un duro ataque contra el gobierno federal y Morena. Ante simpatizantes, Meade [&hellip;]<\/p>\n","protected":false},"author":3,"featured_media":59326,"comment_status":"open","ping_status":"open","sticky":false,"template":"","format":"standard","meta":{"footnotes":""},"categories":[3,247,250],"tags":[],"class_list":["post-59325","post","type-post","status-publish","format-standard","has-post-thumbnail","hentry","category-8-columnas","category-politica","category-pri"],"amp_enabled":true,"_links":{"self":[{"href":"https:\/\/labestiapolitica.com.mx\/index.php?rest_route=\/wp\/v2\/posts\/59325","targetHints":{"allow":["GET"]}}],"collection":[{"href":"https:\/\/labestiapolitica.com.mx\/index.php?rest_route=\/wp\/v2\/posts"}],"about":[{"href":"https:\/\/labestiapolitica.com.mx\/index.php?rest_route=\/wp\/v2\/types\/post"}],"author":[{"embeddable":true,"href":"https:\/\/labestiapolitica.com.mx\/index.php?rest_route=\/wp\/v2\/users\/3"}],"replies":[{"embeddable":true,"href":"https:\/\/labestiapolitica.com.mx\/index.php?rest_route=%2Fwp%2Fv2%2Fcomments&post=59325"}],"version-history":[{"count":2,"href":"https:\/\/labestiapolitica.com.mx\/index.php?rest_route=\/wp\/v2\/posts\/59325\/revisions"}],"predecessor-version":[{"id":59328,"href":"https:\/\/labestiapolitica.com.mx\/index.php?rest_route=\/wp\/v2\/posts\/59325\/revisions\/59328"}],"wp:featuredmedia":[{"embeddable":true,"href":"https:\/\/labestiapolitica.com.mx\/index.php?rest_route=\/wp\/v2\/media\/59326"}],"wp:attachment":[{"href":"https:\/\/labestiapolitica.com.mx\/index.php?rest_route=%2Fwp%2Fv2%2Fmedia&parent=59325"}],"wp:term":[{"taxonomy":"category","embeddable":true,"href":"https:\/\/labestiapolitica.com.mx\/index.php?rest_route=%2Fwp%2Fv2%2Fcategories&post=59325"},{"taxonomy":"post_tag","embeddable":true,"href":"https:\/\/labestiapolitica.com.mx\/index.php?rest_route=%2Fwp%2Fv2%2Ftags&post=59325"}],"curies":[{"name":"wp","href":"https:\/\/api.w.org\/{rel}","templated":true}]}}