{"id":59330,"date":"2026-01-23T13:30:59","date_gmt":"2026-01-23T19:30:59","guid":{"rendered":"https:\/\/labestiapolitica.com.mx\/?p=59330"},"modified":"2026-01-23T13:34:27","modified_gmt":"2026-01-23T19:34:27","slug":"uptrep-aclara-egresado-reportado-como-desaparecido-en-sinaloa-se-encuentra-sano-y-salvo-en-tlaxcala","status":"publish","type":"post","link":"https:\/\/labestiapolitica.com.mx\/?p=59330","title":{"rendered":"UPTrep aclara: egresado reportado como desaparecido en Sinaloa se encuentra \u00absano y salvo\u00bb en Tlaxcala"},"content":{"rendered":"<p class=\"p1\" style=\"text-align: justify;\">Mariana LOVERA\/\/ La Universidad Polit\u00e9cnica de Tlaxcala Regi\u00f3n Poniente (UPTrep) emiti\u00f3 un comunicado oficial este viernes para aclarar la situaci\u00f3n de un egresado cuya identificaci\u00f3n apareci\u00f3 en Sinaloa, luego de que circul\u00f3 informaci\u00f3n en redes sociales y medios que pon\u00eda en duda su integridad f\u00edsica.<\/p>\n<p class=\"p1\" style=\"text-align: justify;\"><span class=\"s1\">La instituci\u00f3n, encabezada por el rector V\u00edctor Castro L\u00f3pez, identific\u00f3 al joven como Fernando Ad\u00e1n Calder\u00f3n Hern\u00e1ndez, egresado de la Ingenier\u00eda en Log\u00edstica y Transporte, y detall\u00f3 los hechos que generaron la alarma.<\/span><\/p>\n<p class=\"p1\" style=\"text-align: justify;\"><span class=\"s1\">Seg\u00fan la versi\u00f3n oficial, Calder\u00f3n Hern\u00e1ndez realiz\u00f3 su estad\u00eda profesional en Sinaloa entre septiembre y diciembre de 2025. En el \u00faltimo mes de su estancia, fue v\u00edctima de un asalto donde le sustrajeron sus pertenencias personales, incluyendo cartera, credenciales y dinero. La universidad enfatiz\u00f3 que, afortunadamente, \u00abno sufri\u00f3 ning\u00fan da\u00f1o f\u00edsico\u00bb durante el incidente.<\/span><\/p>\n<p class=\"p1\" style=\"text-align: justify;\"><span class=\"s1\">El egresado regres\u00f3 a Tlaxcala alrededor del 15 de diciembre de 2025. Para despejar cualquier duda sobre su paradero y estado, la UPTREP inform\u00f3 que el propio Calder\u00f3n Hern\u00e1ndez acudi\u00f3 a las instalaciones universitarias el pasado 20 de enero de 2026 para iniciar formalmente su proceso de titulaci\u00f3n, lo que fue tomado por la instituci\u00f3n como prueba fehaciente de su bienestar.<\/span><\/p>\n<p class=\"p1\" style=\"text-align: justify;\"><span class=\"s1\">\u00abCon estos hechos, la Universidad Polit\u00e9cnica de Tlaxcala Regi\u00f3n Poniente confirma que el alumno Fernando Ad\u00e1n Calder\u00f3n Hern\u00e1ndez se encuentra en su domicilio, sano y salvo\u00bb, concluye el comunicado.<\/span><\/p>\n<p class=\"p1\" style=\"text-align: justify;\"><span class=\"s1\">La instituci\u00f3n aprovech\u00f3 la nota para \u00abrefrendar su compromiso con la verdad, la transparencia y el bienestar de sus alumnos y egresados\u00bb, tras un episodio que gener\u00f3 preocupaci\u00f3n en la comunidad universitaria.<\/span><\/p>\n","protected":false},"excerpt":{"rendered":"<p>Mariana LOVERA\/\/ La Universidad Polit\u00e9cnica de Tlaxcala Regi\u00f3n Poniente (UPTrep) emiti\u00f3 un comunicado oficial este viernes para aclarar la situaci\u00f3n de un egresado cuya identificaci\u00f3n apareci\u00f3 en Sinaloa, luego de que circul\u00f3 informaci\u00f3n en redes sociales y medios que pon\u00eda en duda su integridad f\u00edsica. La instituci\u00f3n, encabezada por el rector V\u00edctor Castro L\u00f3pez, identific\u00f3 [&hellip;]<\/p>\n","protected":false},"author":6,"featured_media":59331,"comment_status":"open","ping_status":"open","sticky":false,"template":"","format":"standard","meta":{"footnotes":""},"categories":[3,213],"tags":[],"class_list":["post-59330","post","type-post","status-publish","format-standard","has-post-thumbnail","hentry","category-8-columnas","category-educacion"],"amp_enabled":true,"_links":{"self":[{"href":"https:\/\/labestiapolitica.com.mx\/index.php?rest_route=\/wp\/v2\/posts\/59330","targetHints":{"allow":["GET"]}}],"collection":[{"href":"https:\/\/labestiapolitica.com.mx\/index.php?rest_route=\/wp\/v2\/posts"}],"about":[{"href":"https:\/\/labestiapolitica.com.mx\/index.php?rest_route=\/wp\/v2\/types\/post"}],"author":[{"embeddable":true,"href":"https:\/\/labestiapolitica.com.mx\/index.php?rest_route=\/wp\/v2\/users\/6"}],"replies":[{"embeddable":true,"href":"https:\/\/labestiapolitica.com.mx\/index.php?rest_route=%2Fwp%2Fv2%2Fcomments&post=59330"}],"version-history":[{"count":1,"href":"https:\/\/labestiapolitica.com.mx\/index.php?rest_route=\/wp\/v2\/posts\/59330\/revisions"}],"predecessor-version":[{"id":59332,"href":"https:\/\/labestiapolitica.com.mx\/index.php?rest_route=\/wp\/v2\/posts\/59330\/revisions\/59332"}],"wp:featuredmedia":[{"embeddable":true,"href":"https:\/\/labestiapolitica.com.mx\/index.php?rest_route=\/wp\/v2\/media\/59331"}],"wp:attachment":[{"href":"https:\/\/labestiapolitica.com.mx\/index.php?rest_route=%2Fwp%2Fv2%2Fmedia&parent=59330"}],"wp:term":[{"taxonomy":"category","embeddable":true,"href":"https:\/\/labestiapolitica.com.mx\/index.php?rest_route=%2Fwp%2Fv2%2Fcategories&post=59330"},{"taxonomy":"post_tag","embeddable":true,"href":"https:\/\/labestiapolitica.com.mx\/index.php?rest_route=%2Fwp%2Fv2%2Ftags&post=59330"}],"curies":[{"name":"wp","href":"https:\/\/api.w.org\/{rel}","templated":true}]}}