{"id":59333,"date":"2026-01-23T13:45:05","date_gmt":"2026-01-23T19:45:05","guid":{"rendered":"https:\/\/labestiapolitica.com.mx\/?p=59333"},"modified":"2026-01-23T13:45:05","modified_gmt":"2026-01-23T19:45:05","slug":"si-mi-partido-me-requiere-estoy-aqui-avalos-zempoalteca","status":"publish","type":"post","link":"https:\/\/labestiapolitica.com.mx\/?p=59333","title":{"rendered":"\u201cSi mi partido me requiere  estoy aqu\u00ed\u201d: \u00c1valos Zempoalteca"},"content":{"rendered":"<p style=\"text-align: justify;\">Ana S\u00e1nchez\u00a0 \/\/ En un acto de fortalecimiento partidista, la senadora por Tlaxcala, Anabell \u00c1valos Zempoalteca, reafirm\u00f3 con contundencia su disposici\u00f3n para encabezar la batalla opositora desde el Senado, al recibir en la entidad a la dirigente nacional de la Confederaci\u00f3n Nacional de Organizaciones Populares (CNOP), Fuensanta Guerrero.<\/p>\n<p class=\"p1\" style=\"text-align: justify;\"><span class=\"s1\">Con la mirada puesta en el pr\u00f3ximo proceso electoral local, \u00c1valos Zempoalteca declar\u00f3: \u00abestoy aqu\u00ed, si en el 2027 mi partido me requiere, estoy aqu\u00ed\u00bb, la legisladora subray\u00f3 la necesidad de una voz cr\u00edtica frente a lo que calific\u00f3 como un vac\u00edo en el oficialismo.<\/span><\/p>\n<p class=\"p1\" style=\"text-align: justify;\"><span class=\"s1\"> \u00abDesde la tribuna permanente, mi labor como senadora es informar al pueblo de lo que est\u00e1 sucediendo en M\u00e9xico, de las reformas que se aprueban en perjuicio del pa\u00eds, sobre todo las constitucionales\u00bb, afirm\u00f3.<\/span><\/p>\n<p class=\"p1\" style=\"text-align: justify;\"><span class=\"s1\">La senadora, quien ha recorrido los municipios tlaxcaltecas, destac\u00f3 la importancia del contacto directo: \u00abEstoy muy contenta y agradecida por la recepci\u00f3n que me est\u00e1n dando, esa es la tarea\u00bb.<\/span><\/p>\n<p class=\"p1\" style=\"text-align: justify;\"><span class=\"s1\">El evento cont\u00f3 con la presencia de Fuensanta Guerrero, quien acudi\u00f3 por indicaci\u00f3n del presidente nacional del PRI, Alejandro Moreno, para apoyar la reorganizaci\u00f3n de las bases estatales .<\/span><\/p>\n<p class=\"p1\" style=\"text-align: justify;\"><span class=\"s1\">\u00abReconozco el trabajo de la dirigencia estatal, encabezada por Enrique Padilla, y de la secretaria general, la diputada local\u00bb, expres\u00f3 Guerrero, quien tambi\u00e9n elogi\u00f3 a \u00c1valos como \u00abuna gran mujer, trabajadora e incansable\u00bb.<\/span><\/p>\n<p class=\"p1\" style=\"text-align: justify;\"><span class=\"s1\">La dirigente de la CNOP manifest\u00f3 su confianza en la recuperaci\u00f3n del estado: \u00abViene un camino complejo, pero estoy segura de que vamos a recuperar Tlaxcala. El PRI es un partido que demostr\u00f3 que sabe gobernar\u00bb.<\/span><\/p>\n<p class=\"p1\" style=\"text-align: justify;\"><span class=\"s1\">El acto, que combin\u00f3 el discurso pol\u00edtico con acciones concretas de reorganizaci\u00f3n, incluy\u00f3 la toma de protesta de nuevos cuadros sectoriales, este movimiento busca reactivar la presencia territorial del PRI y de su brazo popular, la CNOP, de cara a los pr\u00f3ximos comicios.<\/span><\/p>\n","protected":false},"excerpt":{"rendered":"<p>Ana S\u00e1nchez\u00a0 \/\/ En un acto de fortalecimiento partidista, la senadora por Tlaxcala, Anabell \u00c1valos Zempoalteca, reafirm\u00f3 con contundencia su disposici\u00f3n para encabezar la batalla opositora desde el Senado, al recibir en la entidad a la dirigente nacional de la Confederaci\u00f3n Nacional de Organizaciones Populares (CNOP), Fuensanta Guerrero. Con la mirada puesta en el pr\u00f3ximo [&hellip;]<\/p>\n","protected":false},"author":3,"featured_media":59334,"comment_status":"open","ping_status":"open","sticky":false,"template":"","format":"standard","meta":{"footnotes":""},"categories":[3,247,250],"tags":[],"class_list":["post-59333","post","type-post","status-publish","format-standard","has-post-thumbnail","hentry","category-8-columnas","category-politica","category-pri"],"amp_enabled":true,"_links":{"self":[{"href":"https:\/\/labestiapolitica.com.mx\/index.php?rest_route=\/wp\/v2\/posts\/59333","targetHints":{"allow":["GET"]}}],"collection":[{"href":"https:\/\/labestiapolitica.com.mx\/index.php?rest_route=\/wp\/v2\/posts"}],"about":[{"href":"https:\/\/labestiapolitica.com.mx\/index.php?rest_route=\/wp\/v2\/types\/post"}],"author":[{"embeddable":true,"href":"https:\/\/labestiapolitica.com.mx\/index.php?rest_route=\/wp\/v2\/users\/3"}],"replies":[{"embeddable":true,"href":"https:\/\/labestiapolitica.com.mx\/index.php?rest_route=%2Fwp%2Fv2%2Fcomments&post=59333"}],"version-history":[{"count":1,"href":"https:\/\/labestiapolitica.com.mx\/index.php?rest_route=\/wp\/v2\/posts\/59333\/revisions"}],"predecessor-version":[{"id":59335,"href":"https:\/\/labestiapolitica.com.mx\/index.php?rest_route=\/wp\/v2\/posts\/59333\/revisions\/59335"}],"wp:featuredmedia":[{"embeddable":true,"href":"https:\/\/labestiapolitica.com.mx\/index.php?rest_route=\/wp\/v2\/media\/59334"}],"wp:attachment":[{"href":"https:\/\/labestiapolitica.com.mx\/index.php?rest_route=%2Fwp%2Fv2%2Fmedia&parent=59333"}],"wp:term":[{"taxonomy":"category","embeddable":true,"href":"https:\/\/labestiapolitica.com.mx\/index.php?rest_route=%2Fwp%2Fv2%2Fcategories&post=59333"},{"taxonomy":"post_tag","embeddable":true,"href":"https:\/\/labestiapolitica.com.mx\/index.php?rest_route=%2Fwp%2Fv2%2Ftags&post=59333"}],"curies":[{"name":"wp","href":"https:\/\/api.w.org\/{rel}","templated":true}]}}