{"id":59351,"date":"2026-01-23T14:12:35","date_gmt":"2026-01-23T20:12:35","guid":{"rendered":"https:\/\/labestiapolitica.com.mx\/?p=59351"},"modified":"2026-01-23T14:12:35","modified_gmt":"2026-01-23T20:12:35","slug":"se-mantiene-alta-la-percepcion-de-inseguridad-en-tlaxcala-ensu","status":"publish","type":"post","link":"https:\/\/labestiapolitica.com.mx\/?p=59351","title":{"rendered":"Se mantiene alta la percepci\u00f3n de inseguridad en Tlaxcala: ENSU"},"content":{"rendered":"<p>Ana S\u00e1nchez \/\/ De acuerdo con los resultados de la Encuesta Nacional de Seguridad P\u00fablica Urbana (ENSU), correspondientes al cuarto trimestre de 2025, la percepci\u00f3n de inseguridad entre los habitantes de la ciudad de Tlaxcala se mantiene en un nivel elevado, con una tendencia al alza en comparaci\u00f3n con el a\u00f1o anterior.<\/p>\n<p>El 69.7% de la poblaci\u00f3n de 18 a\u00f1os y m\u00e1s considera que vivir en la ciudad de Tlaxcala es inseguro, una disminuci\u00f3n estad\u00edsticamente no significativa de 1.3 puntos respecto al trimestre anterior (septiembre 2025, 71.0%), pero refleja un incremento estad\u00edsticamente significativo de 5.5 puntos en comparaci\u00f3n con diciembre de 2024 (64.2%).<\/p>\n<p>Durante el cuarto trimestre de 2025, el 26.8% de la poblaci\u00f3n report\u00f3 haber tenido conflictos o enfrentamientos directos (con familiares, vecinos, compa\u00f1eros de trabajo o autoridades). Esta cifra representa una disminuci\u00f3n significativa respecto al tercer trimestre del mismo a\u00f1o, cuando se ubic\u00f3 en 36.8%.<\/p>\n<p>A nivel nacional, el 63.8% de la poblaci\u00f3n urbana percibe su ciudad como insegura. Tlaxcala se sit\u00faa por encima de este promedio nacional. Entre las 91 \u00e1reas urbanas medias, la percepci\u00f3n en Tlaxcala (69.7%) es similar a la de ciudades como Guadalajara (79.2%) o Puebla (84.5%), y muy por encima de las de menor percepci\u00f3n como San Pedro Garza Garc\u00eda (8.7%) o Benito Ju\u00e1rez (14.8%).<\/p>\n<p>La Encuesta Nacional de Seguridad P\u00fablica Urbana, realizada por el INEGI, capt\u00f3 informaci\u00f3n del 26 de noviembre al 16 de diciembre de 2025 en m\u00e1s de 27 mil viviendas de 91 ciudades del pa\u00eds. Su objetivo es medir la percepci\u00f3n ciudadana sobre seguridad p\u00fablica y proveer informaci\u00f3n para la toma de decisiones.<\/p>\n<p><img loading=\"lazy\" decoding=\"async\" class=\"alignnone size-full wp-image-59145\" src=\"https:\/\/labestiapolitica.com.mx\/wp-content\/uploads\/2026\/01\/WhatsApp-Image-2025-09-09-at-1.53.55-PM-5.jpeg\" alt=\"\" width=\"940\" height=\"788\" srcset=\"https:\/\/labestiapolitica.com.mx\/wp-content\/uploads\/2026\/01\/WhatsApp-Image-2025-09-09-at-1.53.55-PM-5.jpeg 940w, https:\/\/labestiapolitica.com.mx\/wp-content\/uploads\/2026\/01\/WhatsApp-Image-2025-09-09-at-1.53.55-PM-5-300x251.jpeg 300w, https:\/\/labestiapolitica.com.mx\/wp-content\/uploads\/2026\/01\/WhatsApp-Image-2025-09-09-at-1.53.55-PM-5-768x644.jpeg 768w\" sizes=\"auto, (max-width: 940px) 100vw, 940px\" \/><\/p>\n","protected":false},"excerpt":{"rendered":"<p>Ana S\u00e1nchez \/\/ De acuerdo con los resultados de la Encuesta Nacional de Seguridad P\u00fablica Urbana (ENSU), correspondientes al cuarto trimestre de 2025, la percepci\u00f3n de inseguridad entre los habitantes de la ciudad de Tlaxcala se mantiene en un nivel elevado, con una tendencia al alza en comparaci\u00f3n con el a\u00f1o anterior. El 69.7% de [&hellip;]<\/p>\n","protected":false},"author":3,"featured_media":59352,"comment_status":"open","ping_status":"open","sticky":false,"template":"","format":"standard","meta":{"footnotes":""},"categories":[12,7],"tags":[],"class_list":["post-59351","post","type-post","status-publish","format-standard","has-post-thumbnail","hentry","category-brujula-2026","category-ciudadanos"],"amp_enabled":true,"_links":{"self":[{"href":"https:\/\/labestiapolitica.com.mx\/index.php?rest_route=\/wp\/v2\/posts\/59351","targetHints":{"allow":["GET"]}}],"collection":[{"href":"https:\/\/labestiapolitica.com.mx\/index.php?rest_route=\/wp\/v2\/posts"}],"about":[{"href":"https:\/\/labestiapolitica.com.mx\/index.php?rest_route=\/wp\/v2\/types\/post"}],"author":[{"embeddable":true,"href":"https:\/\/labestiapolitica.com.mx\/index.php?rest_route=\/wp\/v2\/users\/3"}],"replies":[{"embeddable":true,"href":"https:\/\/labestiapolitica.com.mx\/index.php?rest_route=%2Fwp%2Fv2%2Fcomments&post=59351"}],"version-history":[{"count":1,"href":"https:\/\/labestiapolitica.com.mx\/index.php?rest_route=\/wp\/v2\/posts\/59351\/revisions"}],"predecessor-version":[{"id":59353,"href":"https:\/\/labestiapolitica.com.mx\/index.php?rest_route=\/wp\/v2\/posts\/59351\/revisions\/59353"}],"wp:featuredmedia":[{"embeddable":true,"href":"https:\/\/labestiapolitica.com.mx\/index.php?rest_route=\/wp\/v2\/media\/59352"}],"wp:attachment":[{"href":"https:\/\/labestiapolitica.com.mx\/index.php?rest_route=%2Fwp%2Fv2%2Fmedia&parent=59351"}],"wp:term":[{"taxonomy":"category","embeddable":true,"href":"https:\/\/labestiapolitica.com.mx\/index.php?rest_route=%2Fwp%2Fv2%2Fcategories&post=59351"},{"taxonomy":"post_tag","embeddable":true,"href":"https:\/\/labestiapolitica.com.mx\/index.php?rest_route=%2Fwp%2Fv2%2Ftags&post=59351"}],"curies":[{"name":"wp","href":"https:\/\/api.w.org\/{rel}","templated":true}]}}