{"id":59369,"date":"2026-01-23T18:45:24","date_gmt":"2026-01-24T00:45:24","guid":{"rendered":"https:\/\/labestiapolitica.com.mx\/?p=59369"},"modified":"2026-01-23T18:45:24","modified_gmt":"2026-01-24T00:45:24","slug":"la-uatx-celebra-la-graduacion-nuevos-profesionistas-en-ensenanza-de-lenguas","status":"publish","type":"post","link":"https:\/\/labestiapolitica.com.mx\/?p=59369","title":{"rendered":"La UATx celebra la graduaci\u00f3n nuevos profesionistas en Ense\u00f1anza de Lenguas."},"content":{"rendered":"<ul>\n<li style=\"font-weight: 400; text-align: justify;\">Son egresados con conocimientos s\u00f3lidos, ling\u00fc\u00edsticos, pedag\u00f3gicos y culturales<\/li>\n<\/ul>\n<p style=\"font-weight: 400; text-align: justify;\">Los profesionales en la Ense\u00f1anza de Lenguas favorecen la comunicaci\u00f3n, el entendimiento entre personas y la vinculaci\u00f3n entre contextos diversos, lo cual qued\u00f3 de manifiesto en la ceremonia de graduaci\u00f3n de 40 estudiantes, generaciones 2021-2025 y 2022-2025, de la Licenciatura en Ense\u00f1anza de Lenguas de la Facultad de Filosof\u00eda y Letras de la Universidad Aut\u00f3noma de Tlaxcala (FFyL-UATx).<\/p>\n<p style=\"font-weight: 400; text-align: justify;\">En el Teatro Universitario, ante padres de familia, secretarios de la Instituci\u00f3n, estructura directiva y docentes de la FFyL, \u00a0el Maestro Irving Eduardo Ortiz Gallardo, Coordinador de la Divisi\u00f3n de Ciencias y Humanidades, en representaci\u00f3n del Doctor Seraf\u00edn Ortiz Ortiz, Rector de la UATx, asegur\u00f3 que este programa educativo, bajo \u00a0la filosof\u00eda del Modelo Humanista Integrador basado en Capacidades (MHIC), forma a profesionales con conocimientos s\u00f3lidos, ling\u00fc\u00edsticos, pedag\u00f3gicos y culturales, para responder a los desaf\u00edos actuales.<\/p>\n<p style=\"font-weight: 400; text-align: justify;\">Por su parte, el Maestro Hugo P\u00e9rez Olivares, Director de la FFyL, puntualiz\u00f3 a los egresados que la culminaci\u00f3n de sus estudios profesionales les abre expectativas de vida y diversas posibilidades en el campo laboral, al tiempo que agradeci\u00f3 a los padres de familia la confianza depositada en la UATx para la formaci\u00f3n de sus hijos.<\/p>\n<p style=\"font-weight: 400; text-align: justify;\">En tanto, el estudiante Julio C\u00e9sar Mel\u00e9ndez, a nombre de los graduados, reconoci\u00f3 la labor de la Universidad y de sus docentes por guiarlos y compartir con ellos su experticia para dotarlos de nuevo conocimiento y desarrollar sus capacidades; exhort\u00f3 a sus compa\u00f1eros a continuar su preparaci\u00f3n profesional a trav\u00e9s de la realizaci\u00f3n de un posgrado.<\/p>\n<p style=\"font-weight: 400; text-align: justify;\">Adem\u00e1s de las constancias de conclusi\u00f3n de estudios que recibieron los graduados, en esta ceremonia tambi\u00e9n se entregaron sendos reconocimientos a las alumnas que obtuvieron los m\u00e1s altos promedios: Alejandra L\u00f3pez, Aranza Garc\u00eda y Edith Portillo.<\/p>\n","protected":false},"excerpt":{"rendered":"<p>Son egresados con conocimientos s\u00f3lidos, ling\u00fc\u00edsticos, pedag\u00f3gicos y culturales Los profesionales en la Ense\u00f1anza de Lenguas favorecen la comunicaci\u00f3n, el entendimiento entre personas y la vinculaci\u00f3n entre contextos diversos, lo cual qued\u00f3 de manifiesto en la ceremonia de graduaci\u00f3n de 40 estudiantes, generaciones 2021-2025 y 2022-2025, de la Licenciatura en Ense\u00f1anza de Lenguas de la [&hellip;]<\/p>\n","protected":false},"author":5,"featured_media":59378,"comment_status":"open","ping_status":"open","sticky":false,"template":"","format":"standard","meta":{"footnotes":""},"categories":[213,241],"tags":[],"class_list":["post-59369","post","type-post","status-publish","format-standard","has-post-thumbnail","hentry","category-educacion","category-uatx"],"amp_enabled":true,"_links":{"self":[{"href":"https:\/\/labestiapolitica.com.mx\/index.php?rest_route=\/wp\/v2\/posts\/59369","targetHints":{"allow":["GET"]}}],"collection":[{"href":"https:\/\/labestiapolitica.com.mx\/index.php?rest_route=\/wp\/v2\/posts"}],"about":[{"href":"https:\/\/labestiapolitica.com.mx\/index.php?rest_route=\/wp\/v2\/types\/post"}],"author":[{"embeddable":true,"href":"https:\/\/labestiapolitica.com.mx\/index.php?rest_route=\/wp\/v2\/users\/5"}],"replies":[{"embeddable":true,"href":"https:\/\/labestiapolitica.com.mx\/index.php?rest_route=%2Fwp%2Fv2%2Fcomments&post=59369"}],"version-history":[{"count":1,"href":"https:\/\/labestiapolitica.com.mx\/index.php?rest_route=\/wp\/v2\/posts\/59369\/revisions"}],"predecessor-version":[{"id":59379,"href":"https:\/\/labestiapolitica.com.mx\/index.php?rest_route=\/wp\/v2\/posts\/59369\/revisions\/59379"}],"wp:featuredmedia":[{"embeddable":true,"href":"https:\/\/labestiapolitica.com.mx\/index.php?rest_route=\/wp\/v2\/media\/59378"}],"wp:attachment":[{"href":"https:\/\/labestiapolitica.com.mx\/index.php?rest_route=%2Fwp%2Fv2%2Fmedia&parent=59369"}],"wp:term":[{"taxonomy":"category","embeddable":true,"href":"https:\/\/labestiapolitica.com.mx\/index.php?rest_route=%2Fwp%2Fv2%2Fcategories&post=59369"},{"taxonomy":"post_tag","embeddable":true,"href":"https:\/\/labestiapolitica.com.mx\/index.php?rest_route=%2Fwp%2Fv2%2Ftags&post=59369"}],"curies":[{"name":"wp","href":"https:\/\/api.w.org\/{rel}","templated":true}]}}