{"id":59370,"date":"2026-01-23T17:23:35","date_gmt":"2026-01-23T23:23:35","guid":{"rendered":"https:\/\/labestiapolitica.com.mx\/?p=59370"},"modified":"2026-01-23T17:38:04","modified_gmt":"2026-01-23T23:38:04","slug":"rectifica-sesa-supuesto-tercer-caso-de-sarampion-en-tlaxcala-es-reaccion-a-vacuna","status":"publish","type":"post","link":"https:\/\/labestiapolitica.com.mx\/?p=59370","title":{"rendered":"Rectifica Sesa supuesto tercer caso de sarampi\u00f3n en Tlaxcala,  fue reacci\u00f3n a vacuna"},"content":{"rendered":"<p style=\"text-align: justify;\">Mariana LOVERA\/\/ La Secretar\u00eda de Salud del Estado de Tlaxcala informa la rectificaci\u00f3n del tercer caso presunto de sarampi\u00f3n anunciado previamente, tras concluir los an\u00e1lisis de laboratorio correspondientes. Los estudios de genotipificaci\u00f3n confirmaron que el cuadro presentado por una beb\u00e9 de seis meses de Huamantla corresponde a un Evento Supuestamente Atribuible a la Vacunaci\u00f3n o Inmunizaci\u00f3n (ESAVI), descart\u00e1ndose as\u00ed la transmisi\u00f3n activa del virus.<\/p>\n<p style=\"text-align: justify;\">El titular de la dependencia, Rigoberto Zamudio Meneses, explic\u00f3 a trav\u00e9s de sus redes sociales que la genotipificaci\u00f3n \u2014prueba molecular que identifica la cepa y el linaje viral\u2014 fue determinante para la reclasificaci\u00f3n del caso. Este hallazgo, se\u00f1al\u00f3, refleja la precisi\u00f3n del sistema de vigilancia epidemiol\u00f3gica en el estado.<\/p>\n<p style=\"text-align: justify;\">Un ESAVI es una reacci\u00f3n adversa posterior a la aplicaci\u00f3n de una vacuna, como la triple viral (SRP), que puede incluir s\u00edntomas como fiebre, erupci\u00f3n cut\u00e1nea leve o dolor local, sin constituir un caso infeccioso.<\/p>\n<p><strong>Resultados del monitoreo intensivo<\/strong><\/p>\n<p style=\"text-align: justify;\">Del 17 al 22 de enero, el Laboratorio Estatal de Salud P\u00fablica proces\u00f3 10 muestras para sarampi\u00f3n y rub\u00e9ola, procedentes de diversas unidades m\u00e9dicas y del IMSS. Los resultados fueron los siguientes:<\/p>\n<p style=\"text-align: justify;\">\u00b7 2 casos confirmados de sarampi\u00f3n: Una ni\u00f1a de seis a\u00f1os, notificada el 17 de enero desde el Centro de Salud Rural 01 de San Bartolom\u00e9 Matlalohcan, y un hombre de 31 a\u00f1os, detectado el 15 de enero. Ambos son originarios de la comunidad de San Bartolom\u00e9 Matlalohcan, municipio de Tetla de la Solidaridad.<br \/>\n\u00b7 1 caso reclasificado como ESAVI: La beb\u00e9 de Huamantla, cuya muestra inicial fue reactiva, pero que tras el an\u00e1lisis gen\u00e9tico se atribuy\u00f3 a la vacunaci\u00f3n.<br \/>\n\u00b7 7 casos negativos: Corresponden a pacientes de entre cinco meses y 13 a\u00f1os de edad, atendidos en unidades de San Pablo del Monte, Zacatelco, Tlaxcala y otros municipios.<\/p>\n<p><strong>Situaci\u00f3n actual y seguimiento<\/strong><\/p>\n<p style=\"text-align: justify;\">Con esta rectificaci\u00f3n, Tlaxcala mantiene dos casos confirmados de sarampi\u00f3n. Los dos pacientes se encuentran en aislamiento domiciliario, bajo vigilancia m\u00e9dica continua y sin complicaciones reportadas. Recibir\u00e1n el alta epidemiol\u00f3gica una vez que se certifique que ya no representan riesgo de contagio.<\/p>\n<p style=\"text-align: justify;\">La Secretar\u00eda de Salud reitera su compromiso con la transparencia informativa y la vigilancia epidemiol\u00f3gica de alta precisi\u00f3n, e invita a la poblaci\u00f3n a mantener al d\u00eda el esquema de vacunaci\u00f3n, especialmente en menores de edad.<\/p>\n<p style=\"text-align: justify;\">\n","protected":false},"excerpt":{"rendered":"<p>Mariana LOVERA\/\/ La Secretar\u00eda de Salud del Estado de Tlaxcala informa la rectificaci\u00f3n del tercer caso presunto de sarampi\u00f3n anunciado previamente, tras concluir los an\u00e1lisis de laboratorio correspondientes. Los estudios de genotipificaci\u00f3n confirmaron que el cuadro presentado por una beb\u00e9 de seis meses de Huamantla corresponde a un Evento Supuestamente Atribuible a la Vacunaci\u00f3n o [&hellip;]<\/p>\n","protected":false},"author":6,"featured_media":59371,"comment_status":"open","ping_status":"open","sticky":false,"template":"","format":"standard","meta":{"footnotes":""},"categories":[3,7],"tags":[],"class_list":["post-59370","post","type-post","status-publish","format-standard","has-post-thumbnail","hentry","category-8-columnas","category-ciudadanos"],"amp_enabled":true,"_links":{"self":[{"href":"https:\/\/labestiapolitica.com.mx\/index.php?rest_route=\/wp\/v2\/posts\/59370","targetHints":{"allow":["GET"]}}],"collection":[{"href":"https:\/\/labestiapolitica.com.mx\/index.php?rest_route=\/wp\/v2\/posts"}],"about":[{"href":"https:\/\/labestiapolitica.com.mx\/index.php?rest_route=\/wp\/v2\/types\/post"}],"author":[{"embeddable":true,"href":"https:\/\/labestiapolitica.com.mx\/index.php?rest_route=\/wp\/v2\/users\/6"}],"replies":[{"embeddable":true,"href":"https:\/\/labestiapolitica.com.mx\/index.php?rest_route=%2Fwp%2Fv2%2Fcomments&post=59370"}],"version-history":[{"count":4,"href":"https:\/\/labestiapolitica.com.mx\/index.php?rest_route=\/wp\/v2\/posts\/59370\/revisions"}],"predecessor-version":[{"id":59375,"href":"https:\/\/labestiapolitica.com.mx\/index.php?rest_route=\/wp\/v2\/posts\/59370\/revisions\/59375"}],"wp:featuredmedia":[{"embeddable":true,"href":"https:\/\/labestiapolitica.com.mx\/index.php?rest_route=\/wp\/v2\/media\/59371"}],"wp:attachment":[{"href":"https:\/\/labestiapolitica.com.mx\/index.php?rest_route=%2Fwp%2Fv2%2Fmedia&parent=59370"}],"wp:term":[{"taxonomy":"category","embeddable":true,"href":"https:\/\/labestiapolitica.com.mx\/index.php?rest_route=%2Fwp%2Fv2%2Fcategories&post=59370"},{"taxonomy":"post_tag","embeddable":true,"href":"https:\/\/labestiapolitica.com.mx\/index.php?rest_route=%2Fwp%2Fv2%2Ftags&post=59370"}],"curies":[{"name":"wp","href":"https:\/\/api.w.org\/{rel}","templated":true}]}}