{"id":59386,"date":"2026-01-23T18:57:10","date_gmt":"2026-01-24T00:57:10","guid":{"rendered":"https:\/\/labestiapolitica.com.mx\/?p=59386"},"modified":"2026-01-23T18:57:10","modified_gmt":"2026-01-24T00:57:10","slug":"ccd-y-la-colmena-invitan-a-la-comunidad-cultural-a-ser-parte-del-directorio-mercado-creativo-digital-en-tlaxcala","status":"publish","type":"post","link":"https:\/\/labestiapolitica.com.mx\/?p=59386","title":{"rendered":"CCD y La Colmena invitan a la comunidad cultural a ser parte del directorio \u00abMercado creativo digital\u00bb en Tlaxcala."},"content":{"rendered":"<ul>\n<li dir=\"ltr\" style=\"text-align: justify;\" role=\"presentation\">La presentaci\u00f3n de la herramienta se llevar\u00e1 a cabo el 29 de enero, de 12:00 a 14:00 horas, en el Lobby del Palacio de Cultura de Tlaxcala<\/li>\n<\/ul>\n<p dir=\"ltr\" style=\"text-align: justify;\">La Secretar\u00eda de Cultura del Gobierno de M\u00e9xico, a trav\u00e9s del Centro de Cultura Digital (CCD) y La Colmena: Centro de Tecnolog\u00edas Creativas Grace Quintanilla, en colaboraci\u00f3n en colaboraci\u00f3n con la Secretar\u00eda de Econom\u00eda, invita a participar en el \u201cMercado Creativo Digital\u201d, un directorio de registro y consulta de servicios que permitir\u00e1 facilitar el intercambio de saberes y crear oportunidades entre personas, colectivos y empresas, sin intermediarios, para generar mejores oportunidades laborales dentro del entorno digital.<\/p>\n<p dir=\"ltr\" style=\"text-align: justify;\">El proyecto, que se desprende de la necesidad de repensar y reflexionar las distintas necesidades que se generan dentro de los entornos digitales, al contemplar la diversidad de manifestaciones culturales, sociales y econ\u00f3micas, busca replantear los directorios tradicionales y transformarlos en espacios de escucha activa, impulso al crecimiento y colaboraci\u00f3n dirigido a personas creadoras, colectivos, agentes culturales y proyectos autogestivos.<\/p>\n<p dir=\"ltr\" style=\"text-align: justify;\">\u201cMercado Creativo Digital\u201d, en su etapa inicial, forma parte de un programa de investigaci\u00f3n sobre econom\u00edas creativas que el CCD\u00a0 desarrolla desde el a\u00f1o 2012 y contribuye con datos \u00fatiles para el dise\u00f1o de estrategias p\u00fablicas, con el prop\u00f3sito de convertirse en una plataforma viva, colaborativa y sostenible, gestionada por su propia comunidad, garantizando un entorno seguro y accesible.<\/p>\n<p dir=\"ltr\" style=\"text-align: justify;\">A trav\u00e9s del proyecto, las personas mayores de edad que formen parte de las industrias culturales y creativas podr\u00e1n generar un perfil para compartir su trabajo, disciplina a la que pertenecen, trayectoria y l\u00edneas de producci\u00f3n que permitan construir redes de colaboraci\u00f3n, adem\u00e1s, podr\u00e1n acceder a recursos de formaci\u00f3n con materiales especializados, herramientas y talleres. Los tres sectores con los que inicia este proyecto son: Dise\u00f1o, Audiovisual y Entornos inmersivos.<\/p>\n<p dir=\"ltr\" style=\"text-align: justify;\">El directorio, que tiene como objetivo construir un amplio panorama dentro del sector como herramienta p\u00fablica que vincule cultura, tecnolog\u00eda y econom\u00eda, se compartir\u00e1 ante la comunidad creativa en diferentes entidades del pa\u00eds. Su recorrido inicia en Tlaxcala, entidad sede de La Colmena. Centro de Tecnolog\u00edas Creativas Grace Quintanilla, entidad del CCD, y se realizar\u00e1 en colaboraci\u00f3n con la Secretar\u00eda de Cultura de Tlaxcala.<\/p>\n<p dir=\"ltr\" style=\"text-align: justify;\">La presentaci\u00f3n del directorio estar\u00e1 abierta a personas creadoras y p\u00fablico interesado. Se llevar\u00e1 a cabo el d\u00eda jueves 29 de enero de 2026, de las 12:00 a las 14:00 horas, en el Lobby del Palacio de Cultura, ubicado en Av. Ju\u00e1rez 62 Colonia Centro. El registro al directorio se podr\u00e1 realizar a trav\u00e9s de las p\u00e1ginas:\u00a0<a href=\"http:\/\/mercadocreativo.sitiosccd.com.mx\/\" target=\"_blank\" rel=\"noopener\" data-saferedirecturl=\"https:\/\/www.google.com\/url?q=http:\/\/mercadocreativo.sitiosccd.com.mx&amp;source=gmail&amp;ust=1769301781755000&amp;usg=AOvVaw1carXLltFAcCAvZN_7nzwF\">mercadocreativo.sitiosccd.com.<wbr \/>mx<\/a>\u00a0y\u00a0<a href=\"http:\/\/centroculturadigital.mx\/\" target=\"_blank\" rel=\"noopener\" data-saferedirecturl=\"https:\/\/www.google.com\/url?q=http:\/\/centroculturadigital.mx&amp;source=gmail&amp;ust=1769301781755000&amp;usg=AOvVaw0k0bHp9I0V4suUa2i2qyM_\">centroculturadigital.mx<\/a><\/p>\n","protected":false},"excerpt":{"rendered":"<p>La presentaci\u00f3n de la herramienta se llevar\u00e1 a cabo el 29 de enero, de 12:00 a 14:00 horas, en el Lobby del Palacio de Cultura de Tlaxcala La Secretar\u00eda de Cultura del Gobierno de M\u00e9xico, a trav\u00e9s del Centro de Cultura Digital (CCD) y La Colmena: Centro de Tecnolog\u00edas Creativas Grace Quintanilla, en colaboraci\u00f3n en [&hellip;]<\/p>\n","protected":false},"author":5,"featured_media":59387,"comment_status":"open","ping_status":"open","sticky":false,"template":"","format":"standard","meta":{"footnotes":""},"categories":[7],"tags":[],"class_list":["post-59386","post","type-post","status-publish","format-standard","has-post-thumbnail","hentry","category-ciudadanos"],"amp_enabled":true,"_links":{"self":[{"href":"https:\/\/labestiapolitica.com.mx\/index.php?rest_route=\/wp\/v2\/posts\/59386","targetHints":{"allow":["GET"]}}],"collection":[{"href":"https:\/\/labestiapolitica.com.mx\/index.php?rest_route=\/wp\/v2\/posts"}],"about":[{"href":"https:\/\/labestiapolitica.com.mx\/index.php?rest_route=\/wp\/v2\/types\/post"}],"author":[{"embeddable":true,"href":"https:\/\/labestiapolitica.com.mx\/index.php?rest_route=\/wp\/v2\/users\/5"}],"replies":[{"embeddable":true,"href":"https:\/\/labestiapolitica.com.mx\/index.php?rest_route=%2Fwp%2Fv2%2Fcomments&post=59386"}],"version-history":[{"count":1,"href":"https:\/\/labestiapolitica.com.mx\/index.php?rest_route=\/wp\/v2\/posts\/59386\/revisions"}],"predecessor-version":[{"id":59388,"href":"https:\/\/labestiapolitica.com.mx\/index.php?rest_route=\/wp\/v2\/posts\/59386\/revisions\/59388"}],"wp:featuredmedia":[{"embeddable":true,"href":"https:\/\/labestiapolitica.com.mx\/index.php?rest_route=\/wp\/v2\/media\/59387"}],"wp:attachment":[{"href":"https:\/\/labestiapolitica.com.mx\/index.php?rest_route=%2Fwp%2Fv2%2Fmedia&parent=59386"}],"wp:term":[{"taxonomy":"category","embeddable":true,"href":"https:\/\/labestiapolitica.com.mx\/index.php?rest_route=%2Fwp%2Fv2%2Fcategories&post=59386"},{"taxonomy":"post_tag","embeddable":true,"href":"https:\/\/labestiapolitica.com.mx\/index.php?rest_route=%2Fwp%2Fv2%2Ftags&post=59386"}],"curies":[{"name":"wp","href":"https:\/\/api.w.org\/{rel}","templated":true}]}}